{"id":19154,"date":"2025-09-16T10:30:00","date_gmt":"2025-09-16T13:30:00","guid":{"rendered":"https:\/\/lucianofeijao.com.br\/lf\/?p=19154"},"modified":"2025-09-16T10:30:05","modified_gmt":"2025-09-16T13:30:05","slug":"secc-2025","status":"publish","type":"post","link":"https:\/\/lucianofeijao.com.br\/lf\/secc-2025\/","title":{"rendered":"SECC 2025"},"content":{"rendered":"\n<h3 class=\"wp-block-heading\">TALENTO MUSICAL<\/h3>\n\n\n\n<p>Na segunda-feira (08\/09), os Feras do CLF deram voz ao talento no segundo dia do SECC, na modalidade Canto. Em solos ou em duplas, transformaram o palco em um espa\u00e7o de arte e emo\u00e7\u00e3o, mostrando que a m\u00fasica \u00e9 cultura viva que conecta e encanta. <\/p>\n\n\n\n<p>Cada nota transbordava dedica\u00e7\u00e3o, cada voz carregava hist\u00f3rias e sentimentos que tocaram a plateia. A noite foi um verdadeiro espet\u00e1culo, em que a arte uniu cora\u00e7\u00f5es e fez da m\u00fasica uma ponte de emo\u00e7\u00f5es. <\/p>\n\n\n\n<p>Parab\u00e9ns, Feras! Voc\u00eas provaram que a m\u00fasica n\u00e3o apenas se ouve, mas se sente.<br><br>Confira todos os registros do <strong>Talento Musical<\/strong> clicando no bot\u00e3o abaixo:<\/p>\n\n\n\n<div class=\"wp-block-buttons has-custom-font-size is-content-justification-left is-nowrap is-layout-flex wp-container-core-buttons-is-layout-8123bb04 wp-block-buttons-is-layout-flex\" style=\"font-size:16px;font-style:normal;font-weight:600;text-transform:uppercase\">\n<div class=\"wp-block-button\"><a class=\"wp-block-button__link has-background wp-element-button\" href=\"https:\/\/novo.festahits.com.br\/index.php?pg=eventos&amp;exibindo=galeria&amp;id=1932\" style=\"border-radius:10px;background-color:#006ba1\" target=\"_blank\" rel=\"noreferrer noopener\">Clique Aqui!<\/a><\/div>\n<\/div>\n\n\n\n<div style=\"height:10px\" aria-hidden=\"true\" class=\"wp-block-spacer\"><\/div>\n\n\n\n<figure class=\"wp-block-gallery has-nested-images columns-3 is-cropped wp-block-gallery-1 is-layout-flex wp-block-gallery-is-layout-flex\">\n<figure class=\"wp-block-image size-full\"><a href=\"https:\/\/lucianofeijao.com.br\/lf\/wp-content\/uploads\/2025\/09\/Talento-Musical-6.jpg\" target=\"_blank\" rel=\"noopener\"><img fetchpriority=\"high\" decoding=\"async\" width=\"980\" height=\"654\" data-id=\"19155\" src=\"https:\/\/lucianofeijao.com.br\/lf\/wp-content\/uploads\/2025\/09\/Talento-Musical-6.jpg\" alt=\"\" class=\"wp-image-19155\" srcset=\"https:\/\/lucianofeijao.com.br\/lf\/wp-content\/uploads\/2025\/09\/Talento-Musical-6.jpg 980w, https:\/\/lucianofeijao.com.br\/lf\/wp-content\/uploads\/2025\/09\/Talento-Musical-6-300x200.jpg 300w, https:\/\/lucianofeijao.com.br\/lf\/wp-content\/uploads\/2025\/09\/Talento-Musical-6-768x513.jpg 768w, https:\/\/lucianofeijao.com.br\/lf\/wp-content\/uploads\/2025\/09\/Talento-Musical-6-150x100.jpg 150w\" sizes=\"(max-width: 980px) 100vw, 980px\" \/><\/a><\/figure>\n\n\n\n<figure class=\"wp-block-image size-medium\"><a href=\"https:\/\/lucianofeijao.com.br\/lf\/wp-content\/uploads\/2025\/09\/Talento-Musical-5.jpg\" target=\"_blank\" rel=\"noopener\"><img decoding=\"async\" width=\"300\" height=\"200\" data-id=\"19156\" src=\"https:\/\/lucianofeijao.com.br\/lf\/wp-content\/uploads\/2025\/09\/Talento-Musical-5-300x200.jpg\" alt=\"\" class=\"wp-image-19156\" srcset=\"https:\/\/lucianofeijao.com.br\/lf\/wp-content\/uploads\/2025\/09\/Talento-Musical-5-300x200.jpg 300w, https:\/\/lucianofeijao.com.br\/lf\/wp-content\/uploads\/2025\/09\/Talento-Musical-5-768x510.jpg 768w, https:\/\/lucianofeijao.com.br\/lf\/wp-content\/uploads\/2025\/09\/Talento-Musical-5-150x100.jpg 150w, https:\/\/lucianofeijao.com.br\/lf\/wp-content\/uploads\/2025\/09\/Talento-Musical-5.jpg 980w\" sizes=\"(max-width: 300px) 100vw, 300px\" \/><\/a><\/figure>\n\n\n\n<figure class=\"wp-block-image size-medium\"><a href=\"https:\/\/lucianofeijao.com.br\/lf\/wp-content\/uploads\/2025\/09\/Talento-Musical-4.jpg\" target=\"_blank\" rel=\"noopener\"><img decoding=\"async\" width=\"300\" height=\"200\" data-id=\"19157\" src=\"https:\/\/lucianofeijao.com.br\/lf\/wp-content\/uploads\/2025\/09\/Talento-Musical-4-300x200.jpg\" alt=\"\" class=\"wp-image-19157\" srcset=\"https:\/\/lucianofeijao.com.br\/lf\/wp-content\/uploads\/2025\/09\/Talento-Musical-4-300x200.jpg 300w, https:\/\/lucianofeijao.com.br\/lf\/wp-content\/uploads\/2025\/09\/Talento-Musical-4-768x510.jpg 768w, https:\/\/lucianofeijao.com.br\/lf\/wp-content\/uploads\/2025\/09\/Talento-Musical-4-150x100.jpg 150w, https:\/\/lucianofeijao.com.br\/lf\/wp-content\/uploads\/2025\/09\/Talento-Musical-4.jpg 980w\" sizes=\"(max-width: 300px) 100vw, 300px\" \/><\/a><\/figure>\n\n\n\n<figure class=\"wp-block-image size-medium\"><a href=\"https:\/\/lucianofeijao.com.br\/lf\/wp-content\/uploads\/2025\/09\/Talento-Musical-3.jpg\" target=\"_blank\" rel=\"noopener\"><img loading=\"lazy\" decoding=\"async\" width=\"300\" height=\"200\" data-id=\"19158\" src=\"https:\/\/lucianofeijao.com.br\/lf\/wp-content\/uploads\/2025\/09\/Talento-Musical-3-300x200.jpg\" alt=\"\" class=\"wp-image-19158\" srcset=\"https:\/\/lucianofeijao.com.br\/lf\/wp-content\/uploads\/2025\/09\/Talento-Musical-3-300x200.jpg 300w, https:\/\/lucianofeijao.com.br\/lf\/wp-content\/uploads\/2025\/09\/Talento-Musical-3-768x510.jpg 768w, https:\/\/lucianofeijao.com.br\/lf\/wp-content\/uploads\/2025\/09\/Talento-Musical-3-150x100.jpg 150w, https:\/\/lucianofeijao.com.br\/lf\/wp-content\/uploads\/2025\/09\/Talento-Musical-3.jpg 980w\" sizes=\"(max-width: 300px) 100vw, 300px\" \/><\/a><\/figure>\n\n\n\n<figure class=\"wp-block-image size-full\"><a href=\"https:\/\/lucianofeijao.com.br\/lf\/wp-content\/uploads\/2025\/09\/Talento-Musical-2.jpg\" target=\"_blank\" rel=\"noopener\"><img loading=\"lazy\" decoding=\"async\" width=\"980\" height=\"654\" data-id=\"19159\" src=\"https:\/\/lucianofeijao.com.br\/lf\/wp-content\/uploads\/2025\/09\/Talento-Musical-2.jpg\" alt=\"\" class=\"wp-image-19159\" srcset=\"https:\/\/lucianofeijao.com.br\/lf\/wp-content\/uploads\/2025\/09\/Talento-Musical-2.jpg 980w, https:\/\/lucianofeijao.com.br\/lf\/wp-content\/uploads\/2025\/09\/Talento-Musical-2-300x200.jpg 300w, https:\/\/lucianofeijao.com.br\/lf\/wp-content\/uploads\/2025\/09\/Talento-Musical-2-768x513.jpg 768w, https:\/\/lucianofeijao.com.br\/lf\/wp-content\/uploads\/2025\/09\/Talento-Musical-2-150x100.jpg 150w\" sizes=\"(max-width: 980px) 100vw, 980px\" \/><\/a><\/figure>\n\n\n\n<figure class=\"wp-block-image size-full\"><a href=\"https:\/\/lucianofeijao.com.br\/lf\/wp-content\/uploads\/2025\/09\/Talento-Musical-1.jpg\" target=\"_blank\" rel=\"noopener\"><img loading=\"lazy\" decoding=\"async\" width=\"980\" height=\"654\" data-id=\"19160\" src=\"https:\/\/lucianofeijao.com.br\/lf\/wp-content\/uploads\/2025\/09\/Talento-Musical-1.jpg\" alt=\"\" class=\"wp-image-19160\" srcset=\"https:\/\/lucianofeijao.com.br\/lf\/wp-content\/uploads\/2025\/09\/Talento-Musical-1.jpg 980w, https:\/\/lucianofeijao.com.br\/lf\/wp-content\/uploads\/2025\/09\/Talento-Musical-1-300x200.jpg 300w, https:\/\/lucianofeijao.com.br\/lf\/wp-content\/uploads\/2025\/09\/Talento-Musical-1-768x513.jpg 768w, https:\/\/lucianofeijao.com.br\/lf\/wp-content\/uploads\/2025\/09\/Talento-Musical-1-150x100.jpg 150w\" sizes=\"(max-width: 980px) 100vw, 980px\" \/><\/a><\/figure>\n<\/figure>\n\n\n\n<h3 class=\"wp-block-heading\">DESFILE<\/h3>\n\n\n\n<p>Entre luzes e aplausos, a passarela se transformou em um verdadeiro espet\u00e1culo!<\/p>\n\n\n\n<p>Na \u00faltima ter\u00e7a-feira (09\/09), nossos Feras deram um show de talento e criatividade no Desfile da SECC, transformando a passarela em um palco repleto de brilho, estilo e emo\u00e7\u00e3o.<\/p>\n\n\n\n<p>Foi uma noite inesquec\u00edvel, marcada por sorrisos, aplausos e conquistas que refletem todo o empenho e dedica\u00e7\u00e3o de cada aluno.<br><br>No CLF, incentivamos nossos Feras a acreditarem no seu potencial e brilharem cada vez mais! <br><br>Confira todos os registros do <strong>Desfile<\/strong> clicando no bot\u00e3o abaixo:<\/p>\n\n\n\n<div class=\"wp-block-buttons has-custom-font-size is-content-justification-left is-nowrap is-layout-flex wp-container-core-buttons-is-layout-8123bb04 wp-block-buttons-is-layout-flex\" style=\"font-size:16px;font-style:normal;font-weight:600;text-transform:uppercase\">\n<div class=\"wp-block-button\"><a class=\"wp-block-button__link has-background wp-element-button\" href=\"https:\/\/novo.festahits.com.br\/index.php?pg=eventos&amp;exibindo=galeria&amp;id=1933\" style=\"border-radius:10px;background-color:#006ba1\" target=\"_blank\" rel=\"noreferrer noopener\">Clique Aqui!<\/a><\/div>\n<\/div>\n\n\n\n<p> <\/p>\n\n\n\n<figure class=\"wp-block-gallery has-nested-images columns-3 is-cropped wp-block-gallery-2 is-layout-flex wp-block-gallery-is-layout-flex\">\n<figure class=\"wp-block-image size-full\"><a href=\"https:\/\/lucianofeijao.com.br\/lf\/wp-content\/uploads\/2025\/09\/Desfile-4.jpg\" target=\"_blank\" rel=\"noopener\"><img loading=\"lazy\" decoding=\"async\" width=\"980\" height=\"654\" data-id=\"19161\" src=\"https:\/\/lucianofeijao.com.br\/lf\/wp-content\/uploads\/2025\/09\/Desfile-4.jpg\" alt=\"\" class=\"wp-image-19161\" srcset=\"https:\/\/lucianofeijao.com.br\/lf\/wp-content\/uploads\/2025\/09\/Desfile-4.jpg 980w, https:\/\/lucianofeijao.com.br\/lf\/wp-content\/uploads\/2025\/09\/Desfile-4-300x200.jpg 300w, https:\/\/lucianofeijao.com.br\/lf\/wp-content\/uploads\/2025\/09\/Desfile-4-768x513.jpg 768w, https:\/\/lucianofeijao.com.br\/lf\/wp-content\/uploads\/2025\/09\/Desfile-4-150x100.jpg 150w\" sizes=\"(max-width: 980px) 100vw, 980px\" \/><\/a><\/figure>\n\n\n\n<figure class=\"wp-block-image size-full\"><a href=\"https:\/\/lucianofeijao.com.br\/lf\/wp-content\/uploads\/2025\/09\/Desfile-6.jpg\" target=\"_blank\" rel=\"noopener\"><img loading=\"lazy\" decoding=\"async\" width=\"980\" height=\"654\" data-id=\"19162\" src=\"https:\/\/lucianofeijao.com.br\/lf\/wp-content\/uploads\/2025\/09\/Desfile-6.jpg\" alt=\"\" class=\"wp-image-19162\" srcset=\"https:\/\/lucianofeijao.com.br\/lf\/wp-content\/uploads\/2025\/09\/Desfile-6.jpg 980w, https:\/\/lucianofeijao.com.br\/lf\/wp-content\/uploads\/2025\/09\/Desfile-6-300x200.jpg 300w, https:\/\/lucianofeijao.com.br\/lf\/wp-content\/uploads\/2025\/09\/Desfile-6-768x513.jpg 768w, https:\/\/lucianofeijao.com.br\/lf\/wp-content\/uploads\/2025\/09\/Desfile-6-150x100.jpg 150w\" sizes=\"(max-width: 980px) 100vw, 980px\" \/><\/a><\/figure>\n\n\n\n<figure class=\"wp-block-image size-medium\"><a href=\"https:\/\/lucianofeijao.com.br\/lf\/wp-content\/uploads\/2025\/09\/Desfile-5.jpg\" target=\"_blank\" rel=\"noopener\"><img loading=\"lazy\" decoding=\"async\" width=\"300\" height=\"200\" data-id=\"19163\" src=\"https:\/\/lucianofeijao.com.br\/lf\/wp-content\/uploads\/2025\/09\/Desfile-5-300x200.jpg\" alt=\"\" class=\"wp-image-19163\" srcset=\"https:\/\/lucianofeijao.com.br\/lf\/wp-content\/uploads\/2025\/09\/Desfile-5-300x200.jpg 300w, https:\/\/lucianofeijao.com.br\/lf\/wp-content\/uploads\/2025\/09\/Desfile-5-768x510.jpg 768w, https:\/\/lucianofeijao.com.br\/lf\/wp-content\/uploads\/2025\/09\/Desfile-5-150x100.jpg 150w, https:\/\/lucianofeijao.com.br\/lf\/wp-content\/uploads\/2025\/09\/Desfile-5.jpg 980w\" sizes=\"(max-width: 300px) 100vw, 300px\" \/><\/a><\/figure>\n\n\n\n<figure class=\"wp-block-image size-full\"><a href=\"https:\/\/lucianofeijao.com.br\/lf\/wp-content\/uploads\/2025\/09\/Desfile-3.jpg\" target=\"_blank\" rel=\"noopener\"><img loading=\"lazy\" decoding=\"async\" width=\"980\" height=\"654\" data-id=\"19164\" src=\"https:\/\/lucianofeijao.com.br\/lf\/wp-content\/uploads\/2025\/09\/Desfile-3.jpg\" alt=\"\" class=\"wp-image-19164\" srcset=\"https:\/\/lucianofeijao.com.br\/lf\/wp-content\/uploads\/2025\/09\/Desfile-3.jpg 980w, https:\/\/lucianofeijao.com.br\/lf\/wp-content\/uploads\/2025\/09\/Desfile-3-300x200.jpg 300w, https:\/\/lucianofeijao.com.br\/lf\/wp-content\/uploads\/2025\/09\/Desfile-3-768x513.jpg 768w, https:\/\/lucianofeijao.com.br\/lf\/wp-content\/uploads\/2025\/09\/Desfile-3-150x100.jpg 150w\" sizes=\"(max-width: 980px) 100vw, 980px\" \/><\/a><\/figure>\n\n\n\n<figure class=\"wp-block-image size-medium\"><a href=\"https:\/\/lucianofeijao.com.br\/lf\/wp-content\/uploads\/2025\/09\/Desfile-1.jpg\" target=\"_blank\" rel=\"noopener\"><img loading=\"lazy\" decoding=\"async\" width=\"300\" height=\"200\" data-id=\"19166\" src=\"https:\/\/lucianofeijao.com.br\/lf\/wp-content\/uploads\/2025\/09\/Desfile-1-300x200.jpg\" alt=\"\" class=\"wp-image-19166\" srcset=\"https:\/\/lucianofeijao.com.br\/lf\/wp-content\/uploads\/2025\/09\/Desfile-1-300x200.jpg 300w, https:\/\/lucianofeijao.com.br\/lf\/wp-content\/uploads\/2025\/09\/Desfile-1-768x510.jpg 768w, https:\/\/lucianofeijao.com.br\/lf\/wp-content\/uploads\/2025\/09\/Desfile-1-150x100.jpg 150w, https:\/\/lucianofeijao.com.br\/lf\/wp-content\/uploads\/2025\/09\/Desfile-1.jpg 980w\" sizes=\"(max-width: 300px) 100vw, 300px\" \/><\/a><\/figure>\n\n\n\n<figure class=\"wp-block-image size-medium\"><a href=\"https:\/\/lucianofeijao.com.br\/lf\/wp-content\/uploads\/2025\/09\/Desfile-2.jpg\" target=\"_blank\" rel=\"noopener\"><img loading=\"lazy\" decoding=\"async\" width=\"300\" height=\"200\" data-id=\"19165\" src=\"https:\/\/lucianofeijao.com.br\/lf\/wp-content\/uploads\/2025\/09\/Desfile-2-300x200.jpg\" alt=\"\" class=\"wp-image-19165\" srcset=\"https:\/\/lucianofeijao.com.br\/lf\/wp-content\/uploads\/2025\/09\/Desfile-2-300x200.jpg 300w, https:\/\/lucianofeijao.com.br\/lf\/wp-content\/uploads\/2025\/09\/Desfile-2-768x510.jpg 768w, https:\/\/lucianofeijao.com.br\/lf\/wp-content\/uploads\/2025\/09\/Desfile-2-150x100.jpg 150w, https:\/\/lucianofeijao.com.br\/lf\/wp-content\/uploads\/2025\/09\/Desfile-2.jpg 980w\" sizes=\"(max-width: 300px) 100vw, 300px\" \/><\/a><\/figure>\n<\/figure>\n\n\n\n<h3 class=\"wp-block-heading\">DAN\u00c7A<\/h3>\n\n\n\n<p>Nesta quarta-feira (10\/09) durante a Semana de Esporte, Cultura e Ci\u00eancia do CLF, as turmas brilharam em apresenta\u00e7\u00f5es de dan\u00e7a que envolveram o p\u00fablico. Cada coreografia mostrou dedica\u00e7\u00e3o, criatividade e muito entusiasmo dos nossos estudantes.<\/p>\n\n\n\n<p>A noite foi marcada por diversidade de estilos e por performances que emocionaram e animaram a plateia. A dan\u00e7a se transformou em express\u00e3o cultural e coletiva, unindo todos em um s\u00f3 movimento.<br><br>Um espet\u00e1culo inesquec\u00edvel que celebrou o talento dos nossos alunos! <br><br>Confira todos os registros da <strong>Dan\u00e7a<\/strong> clicando no bot\u00e3o abaixo:<\/p>\n\n\n\n<div class=\"wp-block-buttons has-custom-font-size is-content-justification-left is-nowrap is-layout-flex wp-container-core-buttons-is-layout-8123bb04 wp-block-buttons-is-layout-flex\" style=\"font-size:16px;font-style:normal;font-weight:600;text-transform:uppercase\">\n<div class=\"wp-block-button\"><a class=\"wp-block-button__link has-background wp-element-button\" href=\"https:\/\/novo.festahits.com.br\/index.php?pg=eventos&amp;exibindo=galeria&amp;id=1934\" style=\"border-radius:10px;background-color:#006ba1\" target=\"_blank\" rel=\"noreferrer noopener\">Clique Aqui!<\/a><\/div>\n<\/div>\n\n\n\n<p> <\/p>\n\n\n\n<figure class=\"wp-block-gallery has-nested-images columns-3 is-cropped wp-block-gallery-3 is-layout-flex wp-block-gallery-is-layout-flex\">\n<figure class=\"wp-block-image size-full\"><a href=\"https:\/\/lucianofeijao.com.br\/lf\/wp-content\/uploads\/2025\/09\/Danca-4.jpg\" target=\"_blank\" rel=\"noopener\"><img loading=\"lazy\" decoding=\"async\" width=\"980\" height=\"654\" data-id=\"19167\" src=\"https:\/\/lucianofeijao.com.br\/lf\/wp-content\/uploads\/2025\/09\/Danca-4.jpg\" alt=\"\" class=\"wp-image-19167\" srcset=\"https:\/\/lucianofeijao.com.br\/lf\/wp-content\/uploads\/2025\/09\/Danca-4.jpg 980w, https:\/\/lucianofeijao.com.br\/lf\/wp-content\/uploads\/2025\/09\/Danca-4-300x200.jpg 300w, https:\/\/lucianofeijao.com.br\/lf\/wp-content\/uploads\/2025\/09\/Danca-4-768x513.jpg 768w, https:\/\/lucianofeijao.com.br\/lf\/wp-content\/uploads\/2025\/09\/Danca-4-150x100.jpg 150w\" sizes=\"(max-width: 980px) 100vw, 980px\" \/><\/a><\/figure>\n\n\n\n<figure class=\"wp-block-image size-full\"><a href=\"https:\/\/lucianofeijao.com.br\/lf\/wp-content\/uploads\/2025\/09\/Danca-5.jpg\" target=\"_blank\" rel=\"noopener\"><img loading=\"lazy\" decoding=\"async\" width=\"980\" height=\"654\" data-id=\"19168\" src=\"https:\/\/lucianofeijao.com.br\/lf\/wp-content\/uploads\/2025\/09\/Danca-5.jpg\" alt=\"\" class=\"wp-image-19168\" srcset=\"https:\/\/lucianofeijao.com.br\/lf\/wp-content\/uploads\/2025\/09\/Danca-5.jpg 980w, https:\/\/lucianofeijao.com.br\/lf\/wp-content\/uploads\/2025\/09\/Danca-5-300x200.jpg 300w, https:\/\/lucianofeijao.com.br\/lf\/wp-content\/uploads\/2025\/09\/Danca-5-768x513.jpg 768w, https:\/\/lucianofeijao.com.br\/lf\/wp-content\/uploads\/2025\/09\/Danca-5-150x100.jpg 150w\" sizes=\"(max-width: 980px) 100vw, 980px\" \/><\/a><\/figure>\n\n\n\n<figure class=\"wp-block-image size-full\"><a href=\"https:\/\/lucianofeijao.com.br\/lf\/wp-content\/uploads\/2025\/09\/Danca-6.jpg\" target=\"_blank\" rel=\"noopener\"><img loading=\"lazy\" decoding=\"async\" width=\"980\" height=\"654\" data-id=\"19169\" src=\"https:\/\/lucianofeijao.com.br\/lf\/wp-content\/uploads\/2025\/09\/Danca-6.jpg\" alt=\"\" class=\"wp-image-19169\" srcset=\"https:\/\/lucianofeijao.com.br\/lf\/wp-content\/uploads\/2025\/09\/Danca-6.jpg 980w, https:\/\/lucianofeijao.com.br\/lf\/wp-content\/uploads\/2025\/09\/Danca-6-300x200.jpg 300w, https:\/\/lucianofeijao.com.br\/lf\/wp-content\/uploads\/2025\/09\/Danca-6-768x513.jpg 768w, https:\/\/lucianofeijao.com.br\/lf\/wp-content\/uploads\/2025\/09\/Danca-6-150x100.jpg 150w\" sizes=\"(max-width: 980px) 100vw, 980px\" \/><\/a><\/figure>\n\n\n\n<figure class=\"wp-block-image size-medium\"><a href=\"https:\/\/lucianofeijao.com.br\/lf\/wp-content\/uploads\/2025\/09\/Danca-2.jpg\" target=\"_blank\" rel=\"noopener\"><img loading=\"lazy\" decoding=\"async\" width=\"300\" height=\"200\" data-id=\"19170\" src=\"https:\/\/lucianofeijao.com.br\/lf\/wp-content\/uploads\/2025\/09\/Danca-2-300x200.jpg\" alt=\"\" class=\"wp-image-19170\" srcset=\"https:\/\/lucianofeijao.com.br\/lf\/wp-content\/uploads\/2025\/09\/Danca-2-300x200.jpg 300w, https:\/\/lucianofeijao.com.br\/lf\/wp-content\/uploads\/2025\/09\/Danca-2-768x510.jpg 768w, https:\/\/lucianofeijao.com.br\/lf\/wp-content\/uploads\/2025\/09\/Danca-2-150x100.jpg 150w, https:\/\/lucianofeijao.com.br\/lf\/wp-content\/uploads\/2025\/09\/Danca-2.jpg 980w\" sizes=\"(max-width: 300px) 100vw, 300px\" \/><\/a><\/figure>\n\n\n\n<figure class=\"wp-block-image size-medium\"><a href=\"https:\/\/lucianofeijao.com.br\/lf\/wp-content\/uploads\/2025\/09\/Danca-1.jpg\" target=\"_blank\" rel=\"noopener\"><img loading=\"lazy\" decoding=\"async\" width=\"300\" height=\"200\" data-id=\"19172\" src=\"https:\/\/lucianofeijao.com.br\/lf\/wp-content\/uploads\/2025\/09\/Danca-1-300x200.jpg\" alt=\"\" class=\"wp-image-19172\" srcset=\"https:\/\/lucianofeijao.com.br\/lf\/wp-content\/uploads\/2025\/09\/Danca-1-300x200.jpg 300w, https:\/\/lucianofeijao.com.br\/lf\/wp-content\/uploads\/2025\/09\/Danca-1-768x510.jpg 768w, https:\/\/lucianofeijao.com.br\/lf\/wp-content\/uploads\/2025\/09\/Danca-1-150x100.jpg 150w, https:\/\/lucianofeijao.com.br\/lf\/wp-content\/uploads\/2025\/09\/Danca-1.jpg 980w\" sizes=\"(max-width: 300px) 100vw, 300px\" \/><\/a><\/figure>\n\n\n\n<figure class=\"wp-block-image size-medium\"><a href=\"https:\/\/lucianofeijao.com.br\/lf\/wp-content\/uploads\/2025\/09\/Danca-3.jpg\" target=\"_blank\" rel=\"noopener\"><img loading=\"lazy\" decoding=\"async\" width=\"300\" height=\"200\" data-id=\"19171\" src=\"https:\/\/lucianofeijao.com.br\/lf\/wp-content\/uploads\/2025\/09\/Danca-3-300x200.jpg\" alt=\"\" class=\"wp-image-19171\" srcset=\"https:\/\/lucianofeijao.com.br\/lf\/wp-content\/uploads\/2025\/09\/Danca-3-300x200.jpg 300w, https:\/\/lucianofeijao.com.br\/lf\/wp-content\/uploads\/2025\/09\/Danca-3-768x510.jpg 768w, https:\/\/lucianofeijao.com.br\/lf\/wp-content\/uploads\/2025\/09\/Danca-3-150x100.jpg 150w, https:\/\/lucianofeijao.com.br\/lf\/wp-content\/uploads\/2025\/09\/Danca-3.jpg 980w\" sizes=\"(max-width: 300px) 100vw, 300px\" \/><\/a><\/figure>\n<\/figure>\n","protected":false},"excerpt":{"rendered":"<p>TALENTO MUSICAL Na segunda-feira (08\/09), os Feras do CLF deram voz ao talento no segundo dia do SECC, na modalidade Canto. Em solos ou em duplas, transformaram o palco em um espa\u00e7o de arte e emo\u00e7\u00e3o, mostrando que a m\u00fasica \u00e9 cultura viva que conecta&nbsp;<a href=\"https:\/\/lucianofeijao.com.br\/lf\/secc-2025\/\">&hellip;<\/a><\/p>\n","protected":false},"author":1,"featured_media":19178,"comment_status":"closed","ping_status":"closed","sticky":false,"template":"","format":"standard","meta":{"cybocfi_hide_featured_image":"","footnotes":""},"categories":[4,38,37],"tags":[149,128,10,107],"class_list":["post-19154","post","type-post","status-publish","format-standard","has-post-thumbnail","hentry","category-colegio-luciano-feijao","category-ensino-medio","category-fundamental-ii","tag-ens-fundamental-ii","tag-ensino-medio","tag-escolas-em-sobral","tag-luciano-feijao","odd"],"yoast_head":"<!-- This site is optimized with the Yoast SEO plugin v27.2 - https:\/\/yoast.com\/product\/yoast-seo-wordpress\/ -->\r\n<title>SECC 2025 - Col\u00e9gio Luciano Feij\u00e3o<\/title>\r\n<meta name=\"robots\" content=\"index, follow, max-snippet:-1, max-image-preview:large, max-video-preview:-1\" \/>\r\n<link rel=\"canonical\" href=\"https:\/\/lucianofeijao.com.br\/lf\/secc-2025\/\" \/>\r\n<meta property=\"og:locale\" content=\"pt_BR\" \/>\r\n<meta property=\"og:type\" content=\"article\" \/>\r\n<meta property=\"og:title\" content=\"SECC 2025 - Col\u00e9gio Luciano Feij\u00e3o\" \/>\r\n<meta property=\"og:description\" content=\"TALENTO MUSICAL Na segunda-feira (08\/09), os Feras do CLF deram voz ao talento no segundo dia do SECC, na modalidade Canto. Em solos ou em duplas, transformaram o palco em um espa\u00e7o de arte e emo\u00e7\u00e3o, mostrando que a m\u00fasica \u00e9 cultura viva que conecta&nbsp;&hellip;\" \/>\r\n<meta property=\"og:url\" content=\"https:\/\/lucianofeijao.com.br\/lf\/secc-2025\/\" \/>\r\n<meta property=\"og:site_name\" content=\"Col\u00e9gio Luciano Feij\u00e3o\" \/>\r\n<meta property=\"article:publisher\" content=\"https:\/\/www.facebook.com\/ColegioLucianoFeijao\" \/>\r\n<meta property=\"article:published_time\" content=\"2025-09-16T13:30:00+00:00\" \/>\r\n<meta property=\"article:modified_time\" content=\"2025-09-16T13:30:05+00:00\" \/>\r\n<meta property=\"og:image\" content=\"https:\/\/lucianofeijao.com.br\/lf\/wp-content\/uploads\/2025\/09\/025.jpg\" \/>\r\n\t<meta property=\"og:image:width\" content=\"980\" \/>\r\n\t<meta property=\"og:image:height\" content=\"530\" \/>\r\n\t<meta property=\"og:image:type\" content=\"image\/jpeg\" \/>\r\n<meta name=\"author\" content=\"CLF\" \/>\r\n<meta name=\"twitter:card\" content=\"summary_large_image\" \/>\r\n<script type=\"application\/ld+json\" class=\"yoast-schema-graph\">{\"@context\":\"https:\/\/schema.org\",\"@graph\":[{\"@type\":\"Article\",\"@id\":\"https:\/\/lucianofeijao.com.br\/lf\/secc-2025\/#article\",\"isPartOf\":{\"@id\":\"https:\/\/lucianofeijao.com.br\/lf\/secc-2025\/\"},\"author\":{\"name\":\"CLF\",\"@id\":\"https:\/\/lucianofeijao.com.br\/lf\/#\/schema\/person\/e866c975072680a406817a42fd348775\"},\"headline\":\"SECC 2025\",\"datePublished\":\"2025-09-16T13:30:00+00:00\",\"dateModified\":\"2025-09-16T13:30:05+00:00\",\"mainEntityOfPage\":{\"@id\":\"https:\/\/lucianofeijao.com.br\/lf\/secc-2025\/\"},\"wordCount\":316,\"publisher\":{\"@id\":\"https:\/\/lucianofeijao.com.br\/lf\/#organization\"},\"image\":{\"@id\":\"https:\/\/lucianofeijao.com.br\/lf\/secc-2025\/#primaryimage\"},\"thumbnailUrl\":\"https:\/\/lucianofeijao.com.br\/lf\/wp-content\/uploads\/2025\/09\/025.jpg\",\"keywords\":[\"Ens Fundamental II\",\"Ensino M\u00e9dio\",\"Escolas em Sobral\",\"Luciano Feij\u00e3o\"],\"articleSection\":[\"Col\u00e9gio Luciano Feij\u00e3o\",\"Ensino M\u00e9dio\",\"Fundamental II\"],\"inLanguage\":\"pt-BR\"},{\"@type\":\"WebPage\",\"@id\":\"https:\/\/lucianofeijao.com.br\/lf\/secc-2025\/\",\"url\":\"https:\/\/lucianofeijao.com.br\/lf\/secc-2025\/\",\"name\":\"SECC 2025 - Col\u00e9gio Luciano Feij\u00e3o\",\"isPartOf\":{\"@id\":\"https:\/\/lucianofeijao.com.br\/lf\/#website\"},\"primaryImageOfPage\":{\"@id\":\"https:\/\/lucianofeijao.com.br\/lf\/secc-2025\/#primaryimage\"},\"image\":{\"@id\":\"https:\/\/lucianofeijao.com.br\/lf\/secc-2025\/#primaryimage\"},\"thumbnailUrl\":\"https:\/\/lucianofeijao.com.br\/lf\/wp-content\/uploads\/2025\/09\/025.jpg\",\"datePublished\":\"2025-09-16T13:30:00+00:00\",\"dateModified\":\"2025-09-16T13:30:05+00:00\",\"breadcrumb\":{\"@id\":\"https:\/\/lucianofeijao.com.br\/lf\/secc-2025\/#breadcrumb\"},\"inLanguage\":\"pt-BR\",\"potentialAction\":[{\"@type\":\"ReadAction\",\"target\":[\"https:\/\/lucianofeijao.com.br\/lf\/secc-2025\/\"]}]},{\"@type\":\"ImageObject\",\"inLanguage\":\"pt-BR\",\"@id\":\"https:\/\/lucianofeijao.com.br\/lf\/secc-2025\/#primaryimage\",\"url\":\"https:\/\/lucianofeijao.com.br\/lf\/wp-content\/uploads\/2025\/09\/025.jpg\",\"contentUrl\":\"https:\/\/lucianofeijao.com.br\/lf\/wp-content\/uploads\/2025\/09\/025.jpg\",\"width\":980,\"height\":530},{\"@type\":\"BreadcrumbList\",\"@id\":\"https:\/\/lucianofeijao.com.br\/lf\/secc-2025\/#breadcrumb\",\"itemListElement\":[{\"@type\":\"ListItem\",\"position\":1,\"name\":\"In\u00edcio\",\"item\":\"https:\/\/lucianofeijao.com.br\/lf\/\"},{\"@type\":\"ListItem\",\"position\":2,\"name\":\"SECC 2025\"}]},{\"@type\":\"WebSite\",\"@id\":\"https:\/\/lucianofeijao.com.br\/lf\/#website\",\"url\":\"https:\/\/lucianofeijao.com.br\/lf\/\",\"name\":\"Col\u00e9gio Luciano Feij\u00e3o\",\"description\":\"Tradi\u00e7\u00e3o e qualidade no melhor ensino da regi\u00e3o norte do Cear\u00e1, por mais de 50 anos desenvolvendo a forma\u00e7\u00e3o integral e autonomia do seu filho da Educa\u00e7\u00e3o Infantil ao Pr\u00e9-Universit\u00e1rio.\",\"publisher\":{\"@id\":\"https:\/\/lucianofeijao.com.br\/lf\/#organization\"},\"alternateName\":\"CLF\",\"potentialAction\":[{\"@type\":\"SearchAction\",\"target\":{\"@type\":\"EntryPoint\",\"urlTemplate\":\"https:\/\/lucianofeijao.com.br\/lf\/?s={search_term_string}\"},\"query-input\":{\"@type\":\"PropertyValueSpecification\",\"valueRequired\":true,\"valueName\":\"search_term_string\"}}],\"inLanguage\":\"pt-BR\"},{\"@type\":\"Organization\",\"@id\":\"https:\/\/lucianofeijao.com.br\/lf\/#organization\",\"name\":\"Col\u00e9gio Luciano Feij\u00e3o\",\"alternateName\":\"CLF\",\"url\":\"https:\/\/lucianofeijao.com.br\/lf\/\",\"logo\":{\"@type\":\"ImageObject\",\"inLanguage\":\"pt-BR\",\"@id\":\"https:\/\/lucianofeijao.com.br\/lf\/#\/schema\/logo\/image\/\",\"url\":\"https:\/\/lucianofeijao.com.br\/lf\/wp-content\/uploads\/2024\/07\/Logo-CLF-Azul-escuro.png\",\"contentUrl\":\"https:\/\/lucianofeijao.com.br\/lf\/wp-content\/uploads\/2024\/07\/Logo-CLF-Azul-escuro.png\",\"width\":280,\"height\":55,\"caption\":\"Col\u00e9gio Luciano Feij\u00e3o\"},\"image\":{\"@id\":\"https:\/\/lucianofeijao.com.br\/lf\/#\/schema\/logo\/image\/\"},\"sameAs\":[\"https:\/\/www.facebook.com\/ColegioLucianoFeijao\",\"https:\/\/www.instagram.com\/clfeijao\/\"]},{\"@type\":\"Person\",\"@id\":\"https:\/\/lucianofeijao.com.br\/lf\/#\/schema\/person\/e866c975072680a406817a42fd348775\",\"name\":\"CLF\",\"sameAs\":[\"http:\/\/webmaster@lucianofeijao.com.br\"],\"url\":\"https:\/\/lucianofeijao.com.br\/lf\/author\/webmaster\/\"}]}<\/script>\r\n<!-- \/ Yoast SEO plugin. -->","yoast_head_json":{"title":"SECC 2025 - Col\u00e9gio Luciano Feij\u00e3o","robots":{"index":"index","follow":"follow","max-snippet":"max-snippet:-1","max-image-preview":"max-image-preview:large","max-video-preview":"max-video-preview:-1"},"canonical":"https:\/\/lucianofeijao.com.br\/lf\/secc-2025\/","og_locale":"pt_BR","og_type":"article","og_title":"SECC 2025 - Col\u00e9gio Luciano Feij\u00e3o","og_description":"TALENTO MUSICAL Na segunda-feira (08\/09), os Feras do CLF deram voz ao talento no segundo dia do SECC, na modalidade Canto. Em solos ou em duplas, transformaram o palco em um espa\u00e7o de arte e emo\u00e7\u00e3o, mostrando que a m\u00fasica \u00e9 cultura viva que conecta&nbsp;&hellip;","og_url":"https:\/\/lucianofeijao.com.br\/lf\/secc-2025\/","og_site_name":"Col\u00e9gio Luciano Feij\u00e3o","article_publisher":"https:\/\/www.facebook.com\/ColegioLucianoFeijao","article_published_time":"2025-09-16T13:30:00+00:00","article_modified_time":"2025-09-16T13:30:05+00:00","og_image":[{"width":980,"height":530,"url":"https:\/\/lucianofeijao.com.br\/lf\/wp-content\/uploads\/2025\/09\/025.jpg","type":"image\/jpeg"}],"author":"CLF","twitter_card":"summary_large_image","schema":{"@context":"https:\/\/schema.org","@graph":[{"@type":"Article","@id":"https:\/\/lucianofeijao.com.br\/lf\/secc-2025\/#article","isPartOf":{"@id":"https:\/\/lucianofeijao.com.br\/lf\/secc-2025\/"},"author":{"name":"CLF","@id":"https:\/\/lucianofeijao.com.br\/lf\/#\/schema\/person\/e866c975072680a406817a42fd348775"},"headline":"SECC 2025","datePublished":"2025-09-16T13:30:00+00:00","dateModified":"2025-09-16T13:30:05+00:00","mainEntityOfPage":{"@id":"https:\/\/lucianofeijao.com.br\/lf\/secc-2025\/"},"wordCount":316,"publisher":{"@id":"https:\/\/lucianofeijao.com.br\/lf\/#organization"},"image":{"@id":"https:\/\/lucianofeijao.com.br\/lf\/secc-2025\/#primaryimage"},"thumbnailUrl":"https:\/\/lucianofeijao.com.br\/lf\/wp-content\/uploads\/2025\/09\/025.jpg","keywords":["Ens Fundamental II","Ensino M\u00e9dio","Escolas em Sobral","Luciano Feij\u00e3o"],"articleSection":["Col\u00e9gio Luciano Feij\u00e3o","Ensino M\u00e9dio","Fundamental II"],"inLanguage":"pt-BR"},{"@type":"WebPage","@id":"https:\/\/lucianofeijao.com.br\/lf\/secc-2025\/","url":"https:\/\/lucianofeijao.com.br\/lf\/secc-2025\/","name":"SECC 2025 - Col\u00e9gio Luciano Feij\u00e3o","isPartOf":{"@id":"https:\/\/lucianofeijao.com.br\/lf\/#website"},"primaryImageOfPage":{"@id":"https:\/\/lucianofeijao.com.br\/lf\/secc-2025\/#primaryimage"},"image":{"@id":"https:\/\/lucianofeijao.com.br\/lf\/secc-2025\/#primaryimage"},"thumbnailUrl":"https:\/\/lucianofeijao.com.br\/lf\/wp-content\/uploads\/2025\/09\/025.jpg","datePublished":"2025-09-16T13:30:00+00:00","dateModified":"2025-09-16T13:30:05+00:00","breadcrumb":{"@id":"https:\/\/lucianofeijao.com.br\/lf\/secc-2025\/#breadcrumb"},"inLanguage":"pt-BR","potentialAction":[{"@type":"ReadAction","target":["https:\/\/lucianofeijao.com.br\/lf\/secc-2025\/"]}]},{"@type":"ImageObject","inLanguage":"pt-BR","@id":"https:\/\/lucianofeijao.com.br\/lf\/secc-2025\/#primaryimage","url":"https:\/\/lucianofeijao.com.br\/lf\/wp-content\/uploads\/2025\/09\/025.jpg","contentUrl":"https:\/\/lucianofeijao.com.br\/lf\/wp-content\/uploads\/2025\/09\/025.jpg","width":980,"height":530},{"@type":"BreadcrumbList","@id":"https:\/\/lucianofeijao.com.br\/lf\/secc-2025\/#breadcrumb","itemListElement":[{"@type":"ListItem","position":1,"name":"In\u00edcio","item":"https:\/\/lucianofeijao.com.br\/lf\/"},{"@type":"ListItem","position":2,"name":"SECC 2025"}]},{"@type":"WebSite","@id":"https:\/\/lucianofeijao.com.br\/lf\/#website","url":"https:\/\/lucianofeijao.com.br\/lf\/","name":"Col\u00e9gio Luciano Feij\u00e3o","description":"Tradi\u00e7\u00e3o e qualidade no melhor ensino da regi\u00e3o norte do Cear\u00e1, por mais de 50 anos desenvolvendo a forma\u00e7\u00e3o integral e autonomia do seu filho da Educa\u00e7\u00e3o Infantil ao Pr\u00e9-Universit\u00e1rio.","publisher":{"@id":"https:\/\/lucianofeijao.com.br\/lf\/#organization"},"alternateName":"CLF","potentialAction":[{"@type":"SearchAction","target":{"@type":"EntryPoint","urlTemplate":"https:\/\/lucianofeijao.com.br\/lf\/?s={search_term_string}"},"query-input":{"@type":"PropertyValueSpecification","valueRequired":true,"valueName":"search_term_string"}}],"inLanguage":"pt-BR"},{"@type":"Organization","@id":"https:\/\/lucianofeijao.com.br\/lf\/#organization","name":"Col\u00e9gio Luciano Feij\u00e3o","alternateName":"CLF","url":"https:\/\/lucianofeijao.com.br\/lf\/","logo":{"@type":"ImageObject","inLanguage":"pt-BR","@id":"https:\/\/lucianofeijao.com.br\/lf\/#\/schema\/logo\/image\/","url":"https:\/\/lucianofeijao.com.br\/lf\/wp-content\/uploads\/2024\/07\/Logo-CLF-Azul-escuro.png","contentUrl":"https:\/\/lucianofeijao.com.br\/lf\/wp-content\/uploads\/2024\/07\/Logo-CLF-Azul-escuro.png","width":280,"height":55,"caption":"Col\u00e9gio Luciano Feij\u00e3o"},"image":{"@id":"https:\/\/lucianofeijao.com.br\/lf\/#\/schema\/logo\/image\/"},"sameAs":["https:\/\/www.facebook.com\/ColegioLucianoFeijao","https:\/\/www.instagram.com\/clfeijao\/"]},{"@type":"Person","@id":"https:\/\/lucianofeijao.com.br\/lf\/#\/schema\/person\/e866c975072680a406817a42fd348775","name":"CLF","sameAs":["http:\/\/webmaster@lucianofeijao.com.br"],"url":"https:\/\/lucianofeijao.com.br\/lf\/author\/webmaster\/"}]}},"_links":{"self":[{"href":"https:\/\/lucianofeijao.com.br\/lf\/wp-json\/wp\/v2\/posts\/19154","targetHints":{"allow":["GET"]}}],"collection":[{"href":"https:\/\/lucianofeijao.com.br\/lf\/wp-json\/wp\/v2\/posts"}],"about":[{"href":"https:\/\/lucianofeijao.com.br\/lf\/wp-json\/wp\/v2\/types\/post"}],"author":[{"embeddable":true,"href":"https:\/\/lucianofeijao.com.br\/lf\/wp-json\/wp\/v2\/users\/1"}],"replies":[{"embeddable":true,"href":"https:\/\/lucianofeijao.com.br\/lf\/wp-json\/wp\/v2\/comments?post=19154"}],"version-history":[{"count":3,"href":"https:\/\/lucianofeijao.com.br\/lf\/wp-json\/wp\/v2\/posts\/19154\/revisions"}],"predecessor-version":[{"id":19180,"href":"https:\/\/lucianofeijao.com.br\/lf\/wp-json\/wp\/v2\/posts\/19154\/revisions\/19180"}],"wp:featuredmedia":[{"embeddable":true,"href":"https:\/\/lucianofeijao.com.br\/lf\/wp-json\/wp\/v2\/media\/19178"}],"wp:attachment":[{"href":"https:\/\/lucianofeijao.com.br\/lf\/wp-json\/wp\/v2\/media?parent=19154"}],"wp:term":[{"taxonomy":"category","embeddable":true,"href":"https:\/\/lucianofeijao.com.br\/lf\/wp-json\/wp\/v2\/categories?post=19154"},{"taxonomy":"post_tag","embeddable":true,"href":"https:\/\/lucianofeijao.com.br\/lf\/wp-json\/wp\/v2\/tags?post=19154"}],"curies":[{"name":"wp","href":"https:\/\/api.w.org\/{rel}","templated":true}]}}