{"id":18754,"date":"2025-06-12T08:54:09","date_gmt":"2025-06-12T11:54:09","guid":{"rendered":"https:\/\/lucianofeijao.com.br\/lf\/?p=18754"},"modified":"2025-06-12T10:08:37","modified_gmt":"2025-06-12T13:08:37","slug":"encontros-que-transformam-a-capelania-clf-em-acao-com-nossos-professores","status":"publish","type":"post","link":"https:\/\/lucianofeijao.com.br\/lf\/encontros-que-transformam-a-capelania-clf-em-acao-com-nossos-professores\/","title":{"rendered":"Encontros que transformam: a Capelania CLF em a\u00e7\u00e3o com nossos professores."},"content":{"rendered":"\n<p>Capelania Coletiva e Itinerante. Momento memor\u00e1vel e agrad\u00e1vel com os Professores CLF \u2014 Ensino Fundamental &#8211; Anos Finais e a Coordena\u00e7\u00e3o. Uma pausa para conversar, sorrir, falar de coisas boas e alimentar o esp\u00edrito\u2026 Isso \u00e9 bem viver.<\/p>\n\n\n\n<div style=\"height:20px\" aria-hidden=\"true\" class=\"wp-block-spacer\"><\/div>\n","protected":false},"excerpt":{"rendered":"<p>Capelania Coletiva e Itinerante. Momento memor\u00e1vel e agrad\u00e1vel com os Professores CLF \u2014 Ensino Fundamental &#8211; Anos Finais e a Coordena\u00e7\u00e3o. Uma pausa para conversar, sorrir, falar de coisas boas e alimentar o esp\u00edrito\u2026 Isso \u00e9 bem viver.<\/p>\n","protected":false},"author":1,"featured_media":18770,"comment_status":"closed","ping_status":"closed","sticky":false,"template":"","format":"standard","meta":{"cybocfi_hide_featured_image":"","footnotes":""},"categories":[210],"tags":[6,142,10],"class_list":["post-18754","post","type-post","status-publish","format-standard","has-post-thumbnail","hentry","category-capelania-corporativa","tag-colegio-luciano-feijao","tag-colegios-em-sobral","tag-escolas-em-sobral","odd"],"yoast_head":"<!-- This site is optimized with the Yoast SEO plugin v27.2 - https:\/\/yoast.com\/product\/yoast-seo-wordpress\/ -->\r\n<title>Encontros que transformam: a Capelania CLF em a\u00e7\u00e3o com nossos professores. - Col\u00e9gio Luciano Feij\u00e3o<\/title>\r\n<meta name=\"description\" content=\"No\u00a0#TbtCLF\u00a0desta semana, relembramos com carinho um momento especial: o nosso Caminhando em Fam\u00edlia, que iluminou o m\u00eas de maio com afeto e uni\u00e3o.\" \/>\r\n<meta name=\"robots\" content=\"index, follow, max-snippet:-1, max-image-preview:large, max-video-preview:-1\" \/>\r\n<link rel=\"canonical\" href=\"https:\/\/lucianofeijao.com.br\/lf\/encontros-que-transformam-a-capelania-clf-em-acao-com-nossos-professores\/\" \/>\r\n<meta property=\"og:locale\" content=\"pt_BR\" \/>\r\n<meta property=\"og:type\" content=\"article\" \/>\r\n<meta property=\"og:title\" content=\"Encontros que transformam: a Capelania CLF em a\u00e7\u00e3o com nossos professores. - Col\u00e9gio Luciano Feij\u00e3o\" \/>\r\n<meta property=\"og:description\" content=\"No\u00a0#TbtCLF\u00a0desta semana, relembramos com carinho um momento especial: o nosso Caminhando em Fam\u00edlia, que iluminou o m\u00eas de maio com afeto e uni\u00e3o.\" \/>\r\n<meta property=\"og:url\" content=\"https:\/\/lucianofeijao.com.br\/lf\/encontros-que-transformam-a-capelania-clf-em-acao-com-nossos-professores\/\" \/>\r\n<meta property=\"og:site_name\" content=\"Col\u00e9gio Luciano Feij\u00e3o\" \/>\r\n<meta property=\"article:publisher\" content=\"https:\/\/www.facebook.com\/ColegioLucianoFeijao\" \/>\r\n<meta property=\"article:published_time\" content=\"2025-06-12T11:54:09+00:00\" \/>\r\n<meta property=\"article:modified_time\" content=\"2025-06-12T13:08:37+00:00\" \/>\r\n<meta property=\"og:image\" content=\"https:\/\/lucianofeijao.com.br\/lf\/wp-content\/uploads\/2025\/06\/WhatsApp-Image-2025-06-12-at-10.06.16.jpeg\" \/>\r\n\t<meta property=\"og:image:width\" content=\"1600\" \/>\r\n\t<meta property=\"og:image:height\" content=\"1000\" \/>\r\n\t<meta property=\"og:image:type\" content=\"image\/jpeg\" \/>\r\n<meta name=\"author\" content=\"CLF\" \/>\r\n<meta name=\"twitter:card\" content=\"summary_large_image\" \/>\r\n<script type=\"application\/ld+json\" class=\"yoast-schema-graph\">{\"@context\":\"https:\/\/schema.org\",\"@graph\":[{\"@type\":\"Article\",\"@id\":\"https:\/\/lucianofeijao.com.br\/lf\/encontros-que-transformam-a-capelania-clf-em-acao-com-nossos-professores\/#article\",\"isPartOf\":{\"@id\":\"https:\/\/lucianofeijao.com.br\/lf\/encontros-que-transformam-a-capelania-clf-em-acao-com-nossos-professores\/\"},\"author\":{\"name\":\"CLF\",\"@id\":\"https:\/\/lucianofeijao.com.br\/lf\/#\/schema\/person\/e866c975072680a406817a42fd348775\"},\"headline\":\"Encontros que transformam: a Capelania CLF em a\u00e7\u00e3o com nossos professores.\",\"datePublished\":\"2025-06-12T11:54:09+00:00\",\"dateModified\":\"2025-06-12T13:08:37+00:00\",\"mainEntityOfPage\":{\"@id\":\"https:\/\/lucianofeijao.com.br\/lf\/encontros-que-transformam-a-capelania-clf-em-acao-com-nossos-professores\/\"},\"wordCount\":52,\"publisher\":{\"@id\":\"https:\/\/lucianofeijao.com.br\/lf\/#organization\"},\"image\":{\"@id\":\"https:\/\/lucianofeijao.com.br\/lf\/encontros-que-transformam-a-capelania-clf-em-acao-com-nossos-professores\/#primaryimage\"},\"thumbnailUrl\":\"https:\/\/lucianofeijao.com.br\/lf\/wp-content\/uploads\/2025\/06\/WhatsApp-Image-2025-06-12-at-10.06.16.jpeg\",\"keywords\":[\"Col\u00e9gio Luciano Feij\u00e3o\",\"Col\u00e9gios em Sobral\",\"Escolas em Sobral\"],\"articleSection\":[\"Capelania Corporativa\"],\"inLanguage\":\"pt-BR\"},{\"@type\":\"WebPage\",\"@id\":\"https:\/\/lucianofeijao.com.br\/lf\/encontros-que-transformam-a-capelania-clf-em-acao-com-nossos-professores\/\",\"url\":\"https:\/\/lucianofeijao.com.br\/lf\/encontros-que-transformam-a-capelania-clf-em-acao-com-nossos-professores\/\",\"name\":\"Encontros que transformam: a Capelania CLF em a\u00e7\u00e3o com nossos professores. - Col\u00e9gio Luciano Feij\u00e3o\",\"isPartOf\":{\"@id\":\"https:\/\/lucianofeijao.com.br\/lf\/#website\"},\"primaryImageOfPage\":{\"@id\":\"https:\/\/lucianofeijao.com.br\/lf\/encontros-que-transformam-a-capelania-clf-em-acao-com-nossos-professores\/#primaryimage\"},\"image\":{\"@id\":\"https:\/\/lucianofeijao.com.br\/lf\/encontros-que-transformam-a-capelania-clf-em-acao-com-nossos-professores\/#primaryimage\"},\"thumbnailUrl\":\"https:\/\/lucianofeijao.com.br\/lf\/wp-content\/uploads\/2025\/06\/WhatsApp-Image-2025-06-12-at-10.06.16.jpeg\",\"datePublished\":\"2025-06-12T11:54:09+00:00\",\"dateModified\":\"2025-06-12T13:08:37+00:00\",\"description\":\"No\u00a0#TbtCLF\u00a0desta semana, relembramos com carinho um momento especial: o nosso Caminhando em Fam\u00edlia, que iluminou o m\u00eas de maio com afeto e uni\u00e3o.\",\"breadcrumb\":{\"@id\":\"https:\/\/lucianofeijao.com.br\/lf\/encontros-que-transformam-a-capelania-clf-em-acao-com-nossos-professores\/#breadcrumb\"},\"inLanguage\":\"pt-BR\",\"potentialAction\":[{\"@type\":\"ReadAction\",\"target\":[\"https:\/\/lucianofeijao.com.br\/lf\/encontros-que-transformam-a-capelania-clf-em-acao-com-nossos-professores\/\"]}]},{\"@type\":\"ImageObject\",\"inLanguage\":\"pt-BR\",\"@id\":\"https:\/\/lucianofeijao.com.br\/lf\/encontros-que-transformam-a-capelania-clf-em-acao-com-nossos-professores\/#primaryimage\",\"url\":\"https:\/\/lucianofeijao.com.br\/lf\/wp-content\/uploads\/2025\/06\/WhatsApp-Image-2025-06-12-at-10.06.16.jpeg\",\"contentUrl\":\"https:\/\/lucianofeijao.com.br\/lf\/wp-content\/uploads\/2025\/06\/WhatsApp-Image-2025-06-12-at-10.06.16.jpeg\",\"width\":1600,\"height\":1000},{\"@type\":\"BreadcrumbList\",\"@id\":\"https:\/\/lucianofeijao.com.br\/lf\/encontros-que-transformam-a-capelania-clf-em-acao-com-nossos-professores\/#breadcrumb\",\"itemListElement\":[{\"@type\":\"ListItem\",\"position\":1,\"name\":\"In\u00edcio\",\"item\":\"https:\/\/lucianofeijao.com.br\/lf\/\"},{\"@type\":\"ListItem\",\"position\":2,\"name\":\"Encontros que transformam: a Capelania CLF em a\u00e7\u00e3o com nossos professores.\"}]},{\"@type\":\"WebSite\",\"@id\":\"https:\/\/lucianofeijao.com.br\/lf\/#website\",\"url\":\"https:\/\/lucianofeijao.com.br\/lf\/\",\"name\":\"Col\u00e9gio Luciano Feij\u00e3o\",\"description\":\"Tradi\u00e7\u00e3o e qualidade no melhor ensino da regi\u00e3o norte do Cear\u00e1, por mais de 50 anos desenvolvendo a forma\u00e7\u00e3o integral e autonomia do seu filho da Educa\u00e7\u00e3o Infantil ao Pr\u00e9-Universit\u00e1rio.\",\"publisher\":{\"@id\":\"https:\/\/lucianofeijao.com.br\/lf\/#organization\"},\"alternateName\":\"CLF\",\"potentialAction\":[{\"@type\":\"SearchAction\",\"target\":{\"@type\":\"EntryPoint\",\"urlTemplate\":\"https:\/\/lucianofeijao.com.br\/lf\/?s={search_term_string}\"},\"query-input\":{\"@type\":\"PropertyValueSpecification\",\"valueRequired\":true,\"valueName\":\"search_term_string\"}}],\"inLanguage\":\"pt-BR\"},{\"@type\":\"Organization\",\"@id\":\"https:\/\/lucianofeijao.com.br\/lf\/#organization\",\"name\":\"Col\u00e9gio Luciano Feij\u00e3o\",\"alternateName\":\"CLF\",\"url\":\"https:\/\/lucianofeijao.com.br\/lf\/\",\"logo\":{\"@type\":\"ImageObject\",\"inLanguage\":\"pt-BR\",\"@id\":\"https:\/\/lucianofeijao.com.br\/lf\/#\/schema\/logo\/image\/\",\"url\":\"https:\/\/lucianofeijao.com.br\/lf\/wp-content\/uploads\/2024\/07\/Logo-CLF-Azul-escuro.png\",\"contentUrl\":\"https:\/\/lucianofeijao.com.br\/lf\/wp-content\/uploads\/2024\/07\/Logo-CLF-Azul-escuro.png\",\"width\":280,\"height\":55,\"caption\":\"Col\u00e9gio Luciano Feij\u00e3o\"},\"image\":{\"@id\":\"https:\/\/lucianofeijao.com.br\/lf\/#\/schema\/logo\/image\/\"},\"sameAs\":[\"https:\/\/www.facebook.com\/ColegioLucianoFeijao\",\"https:\/\/www.instagram.com\/clfeijao\/\"]},{\"@type\":\"Person\",\"@id\":\"https:\/\/lucianofeijao.com.br\/lf\/#\/schema\/person\/e866c975072680a406817a42fd348775\",\"name\":\"CLF\",\"sameAs\":[\"http:\/\/webmaster@lucianofeijao.com.br\"],\"url\":\"https:\/\/lucianofeijao.com.br\/lf\/author\/webmaster\/\"}]}<\/script>\r\n<!-- \/ Yoast SEO plugin. -->","yoast_head_json":{"title":"Encontros que transformam: a Capelania CLF em a\u00e7\u00e3o com nossos professores. - Col\u00e9gio Luciano Feij\u00e3o","description":"No\u00a0#TbtCLF\u00a0desta semana, relembramos com carinho um momento especial: o nosso Caminhando em Fam\u00edlia, que iluminou o m\u00eas de maio com afeto e uni\u00e3o.","robots":{"index":"index","follow":"follow","max-snippet":"max-snippet:-1","max-image-preview":"max-image-preview:large","max-video-preview":"max-video-preview:-1"},"canonical":"https:\/\/lucianofeijao.com.br\/lf\/encontros-que-transformam-a-capelania-clf-em-acao-com-nossos-professores\/","og_locale":"pt_BR","og_type":"article","og_title":"Encontros que transformam: a Capelania CLF em a\u00e7\u00e3o com nossos professores. - Col\u00e9gio Luciano Feij\u00e3o","og_description":"No\u00a0#TbtCLF\u00a0desta semana, relembramos com carinho um momento especial: o nosso Caminhando em Fam\u00edlia, que iluminou o m\u00eas de maio com afeto e uni\u00e3o.","og_url":"https:\/\/lucianofeijao.com.br\/lf\/encontros-que-transformam-a-capelania-clf-em-acao-com-nossos-professores\/","og_site_name":"Col\u00e9gio Luciano Feij\u00e3o","article_publisher":"https:\/\/www.facebook.com\/ColegioLucianoFeijao","article_published_time":"2025-06-12T11:54:09+00:00","article_modified_time":"2025-06-12T13:08:37+00:00","og_image":[{"width":1600,"height":1000,"url":"https:\/\/lucianofeijao.com.br\/lf\/wp-content\/uploads\/2025\/06\/WhatsApp-Image-2025-06-12-at-10.06.16.jpeg","type":"image\/jpeg"}],"author":"CLF","twitter_card":"summary_large_image","schema":{"@context":"https:\/\/schema.org","@graph":[{"@type":"Article","@id":"https:\/\/lucianofeijao.com.br\/lf\/encontros-que-transformam-a-capelania-clf-em-acao-com-nossos-professores\/#article","isPartOf":{"@id":"https:\/\/lucianofeijao.com.br\/lf\/encontros-que-transformam-a-capelania-clf-em-acao-com-nossos-professores\/"},"author":{"name":"CLF","@id":"https:\/\/lucianofeijao.com.br\/lf\/#\/schema\/person\/e866c975072680a406817a42fd348775"},"headline":"Encontros que transformam: a Capelania CLF em a\u00e7\u00e3o com nossos professores.","datePublished":"2025-06-12T11:54:09+00:00","dateModified":"2025-06-12T13:08:37+00:00","mainEntityOfPage":{"@id":"https:\/\/lucianofeijao.com.br\/lf\/encontros-que-transformam-a-capelania-clf-em-acao-com-nossos-professores\/"},"wordCount":52,"publisher":{"@id":"https:\/\/lucianofeijao.com.br\/lf\/#organization"},"image":{"@id":"https:\/\/lucianofeijao.com.br\/lf\/encontros-que-transformam-a-capelania-clf-em-acao-com-nossos-professores\/#primaryimage"},"thumbnailUrl":"https:\/\/lucianofeijao.com.br\/lf\/wp-content\/uploads\/2025\/06\/WhatsApp-Image-2025-06-12-at-10.06.16.jpeg","keywords":["Col\u00e9gio Luciano Feij\u00e3o","Col\u00e9gios em Sobral","Escolas em Sobral"],"articleSection":["Capelania Corporativa"],"inLanguage":"pt-BR"},{"@type":"WebPage","@id":"https:\/\/lucianofeijao.com.br\/lf\/encontros-que-transformam-a-capelania-clf-em-acao-com-nossos-professores\/","url":"https:\/\/lucianofeijao.com.br\/lf\/encontros-que-transformam-a-capelania-clf-em-acao-com-nossos-professores\/","name":"Encontros que transformam: a Capelania CLF em a\u00e7\u00e3o com nossos professores. - Col\u00e9gio Luciano Feij\u00e3o","isPartOf":{"@id":"https:\/\/lucianofeijao.com.br\/lf\/#website"},"primaryImageOfPage":{"@id":"https:\/\/lucianofeijao.com.br\/lf\/encontros-que-transformam-a-capelania-clf-em-acao-com-nossos-professores\/#primaryimage"},"image":{"@id":"https:\/\/lucianofeijao.com.br\/lf\/encontros-que-transformam-a-capelania-clf-em-acao-com-nossos-professores\/#primaryimage"},"thumbnailUrl":"https:\/\/lucianofeijao.com.br\/lf\/wp-content\/uploads\/2025\/06\/WhatsApp-Image-2025-06-12-at-10.06.16.jpeg","datePublished":"2025-06-12T11:54:09+00:00","dateModified":"2025-06-12T13:08:37+00:00","description":"No\u00a0#TbtCLF\u00a0desta semana, relembramos com carinho um momento especial: o nosso Caminhando em Fam\u00edlia, que iluminou o m\u00eas de maio com afeto e uni\u00e3o.","breadcrumb":{"@id":"https:\/\/lucianofeijao.com.br\/lf\/encontros-que-transformam-a-capelania-clf-em-acao-com-nossos-professores\/#breadcrumb"},"inLanguage":"pt-BR","potentialAction":[{"@type":"ReadAction","target":["https:\/\/lucianofeijao.com.br\/lf\/encontros-que-transformam-a-capelania-clf-em-acao-com-nossos-professores\/"]}]},{"@type":"ImageObject","inLanguage":"pt-BR","@id":"https:\/\/lucianofeijao.com.br\/lf\/encontros-que-transformam-a-capelania-clf-em-acao-com-nossos-professores\/#primaryimage","url":"https:\/\/lucianofeijao.com.br\/lf\/wp-content\/uploads\/2025\/06\/WhatsApp-Image-2025-06-12-at-10.06.16.jpeg","contentUrl":"https:\/\/lucianofeijao.com.br\/lf\/wp-content\/uploads\/2025\/06\/WhatsApp-Image-2025-06-12-at-10.06.16.jpeg","width":1600,"height":1000},{"@type":"BreadcrumbList","@id":"https:\/\/lucianofeijao.com.br\/lf\/encontros-que-transformam-a-capelania-clf-em-acao-com-nossos-professores\/#breadcrumb","itemListElement":[{"@type":"ListItem","position":1,"name":"In\u00edcio","item":"https:\/\/lucianofeijao.com.br\/lf\/"},{"@type":"ListItem","position":2,"name":"Encontros que transformam: a Capelania CLF em a\u00e7\u00e3o com nossos professores."}]},{"@type":"WebSite","@id":"https:\/\/lucianofeijao.com.br\/lf\/#website","url":"https:\/\/lucianofeijao.com.br\/lf\/","name":"Col\u00e9gio Luciano Feij\u00e3o","description":"Tradi\u00e7\u00e3o e qualidade no melhor ensino da regi\u00e3o norte do Cear\u00e1, por mais de 50 anos desenvolvendo a forma\u00e7\u00e3o integral e autonomia do seu filho da Educa\u00e7\u00e3o Infantil ao Pr\u00e9-Universit\u00e1rio.","publisher":{"@id":"https:\/\/lucianofeijao.com.br\/lf\/#organization"},"alternateName":"CLF","potentialAction":[{"@type":"SearchAction","target":{"@type":"EntryPoint","urlTemplate":"https:\/\/lucianofeijao.com.br\/lf\/?s={search_term_string}"},"query-input":{"@type":"PropertyValueSpecification","valueRequired":true,"valueName":"search_term_string"}}],"inLanguage":"pt-BR"},{"@type":"Organization","@id":"https:\/\/lucianofeijao.com.br\/lf\/#organization","name":"Col\u00e9gio Luciano Feij\u00e3o","alternateName":"CLF","url":"https:\/\/lucianofeijao.com.br\/lf\/","logo":{"@type":"ImageObject","inLanguage":"pt-BR","@id":"https:\/\/lucianofeijao.com.br\/lf\/#\/schema\/logo\/image\/","url":"https:\/\/lucianofeijao.com.br\/lf\/wp-content\/uploads\/2024\/07\/Logo-CLF-Azul-escuro.png","contentUrl":"https:\/\/lucianofeijao.com.br\/lf\/wp-content\/uploads\/2024\/07\/Logo-CLF-Azul-escuro.png","width":280,"height":55,"caption":"Col\u00e9gio Luciano Feij\u00e3o"},"image":{"@id":"https:\/\/lucianofeijao.com.br\/lf\/#\/schema\/logo\/image\/"},"sameAs":["https:\/\/www.facebook.com\/ColegioLucianoFeijao","https:\/\/www.instagram.com\/clfeijao\/"]},{"@type":"Person","@id":"https:\/\/lucianofeijao.com.br\/lf\/#\/schema\/person\/e866c975072680a406817a42fd348775","name":"CLF","sameAs":["http:\/\/webmaster@lucianofeijao.com.br"],"url":"https:\/\/lucianofeijao.com.br\/lf\/author\/webmaster\/"}]}},"_links":{"self":[{"href":"https:\/\/lucianofeijao.com.br\/lf\/wp-json\/wp\/v2\/posts\/18754","targetHints":{"allow":["GET"]}}],"collection":[{"href":"https:\/\/lucianofeijao.com.br\/lf\/wp-json\/wp\/v2\/posts"}],"about":[{"href":"https:\/\/lucianofeijao.com.br\/lf\/wp-json\/wp\/v2\/types\/post"}],"author":[{"embeddable":true,"href":"https:\/\/lucianofeijao.com.br\/lf\/wp-json\/wp\/v2\/users\/1"}],"replies":[{"embeddable":true,"href":"https:\/\/lucianofeijao.com.br\/lf\/wp-json\/wp\/v2\/comments?post=18754"}],"version-history":[{"count":2,"href":"https:\/\/lucianofeijao.com.br\/lf\/wp-json\/wp\/v2\/posts\/18754\/revisions"}],"predecessor-version":[{"id":18758,"href":"https:\/\/lucianofeijao.com.br\/lf\/wp-json\/wp\/v2\/posts\/18754\/revisions\/18758"}],"wp:featuredmedia":[{"embeddable":true,"href":"https:\/\/lucianofeijao.com.br\/lf\/wp-json\/wp\/v2\/media\/18770"}],"wp:attachment":[{"href":"https:\/\/lucianofeijao.com.br\/lf\/wp-json\/wp\/v2\/media?parent=18754"}],"wp:term":[{"taxonomy":"category","embeddable":true,"href":"https:\/\/lucianofeijao.com.br\/lf\/wp-json\/wp\/v2\/categories?post=18754"},{"taxonomy":"post_tag","embeddable":true,"href":"https:\/\/lucianofeijao.com.br\/lf\/wp-json\/wp\/v2\/tags?post=18754"}],"curies":[{"name":"wp","href":"https:\/\/api.w.org\/{rel}","templated":true}]}}