{"id":18302,"date":"2025-03-13T17:31:51","date_gmt":"2025-03-13T20:31:51","guid":{"rendered":"https:\/\/lucianofeijao.com.br\/lf\/?p=18302"},"modified":"2025-03-13T17:31:54","modified_gmt":"2025-03-13T20:31:54","slug":"no-integral-lf-do-colegio-luciano-feijao-o-aprendizado-vai-alem-da-sala-de-aula","status":"publish","type":"post","link":"https:\/\/lucianofeijao.com.br\/lf\/no-integral-lf-do-colegio-luciano-feijao-o-aprendizado-vai-alem-da-sala-de-aula\/","title":{"rendered":"No Integral LF do Col\u00e9gio Luciano Feij\u00e3o, o aprendizado vai al\u00e9m da sala de aula!"},"content":{"rendered":"\n<p>No Integral LF, cada atividade \u00e9 um passo rumo ao desenvolvimento completo das nossas crian\u00e7as! <\/p>\n\n\n\n<p>As tardes no Integral s\u00e3o repletas de atividades para os Feras. Al\u00e9m do acompanhamento pedag\u00f3gico, os alunos participam de aulas extracurriculares que contribuem para o desenvolvimento pleno das crian\u00e7as.<\/p>\n\n\n\n<p>As aulas de ballet, musicaliza\u00e7\u00e3o e karat\u00ea s\u00e3o fundamentais para o crescimento dos nossos Feras. Cada uma delas contribui de forma \u00fanica: o ballet desenvolve a coordena\u00e7\u00e3o e a disciplina, a musicaliza\u00e7\u00e3o estimula a criatividade e a express\u00e3o, e o karat\u00ea ensina foco, respeito e autoconfian\u00e7a. <\/p>\n\n\n\n<p>Juntas, essas atividades ajudam a formar crian\u00e7as mais criativas e preparadas.<\/p>\n\n\n\n<div style=\"height:20px\" aria-hidden=\"true\" class=\"wp-block-spacer\"><\/div>\n\n\n\n<figure class=\"wp-block-gallery has-nested-images columns-3 is-cropped wp-block-gallery-1 is-layout-flex wp-block-gallery-is-layout-flex\">\n<figure class=\"wp-block-image size-large\"><a href=\"https:\/\/lucianofeijao.com.br\/lf\/wp-content\/uploads\/2025\/03\/Atividades-Integral-LF-2025-5.jpg\"><img fetchpriority=\"high\" decoding=\"async\" width=\"819\" height=\"1024\" data-id=\"18305\" src=\"https:\/\/lucianofeijao.com.br\/lf\/wp-content\/uploads\/2025\/03\/Atividades-Integral-LF-2025-5-819x1024.jpg\" alt=\"\" class=\"wp-image-18305\" srcset=\"https:\/\/lucianofeijao.com.br\/lf\/wp-content\/uploads\/2025\/03\/Atividades-Integral-LF-2025-5-819x1024.jpg 819w, https:\/\/lucianofeijao.com.br\/lf\/wp-content\/uploads\/2025\/03\/Atividades-Integral-LF-2025-5-240x300.jpg 240w, https:\/\/lucianofeijao.com.br\/lf\/wp-content\/uploads\/2025\/03\/Atividades-Integral-LF-2025-5-768x960.jpg 768w, https:\/\/lucianofeijao.com.br\/lf\/wp-content\/uploads\/2025\/03\/Atividades-Integral-LF-2025-5-120x150.jpg 120w, https:\/\/lucianofeijao.com.br\/lf\/wp-content\/uploads\/2025\/03\/Atividades-Integral-LF-2025-5.jpg 1080w\" sizes=\"(max-width: 819px) 100vw, 819px\" \/><\/a><\/figure>\n\n\n\n<figure class=\"wp-block-image size-large\"><a href=\"https:\/\/lucianofeijao.com.br\/lf\/wp-content\/uploads\/2025\/03\/Atividades-Integral-LF-2025-7.jpg\"><img decoding=\"async\" width=\"819\" height=\"1024\" data-id=\"18306\" src=\"https:\/\/lucianofeijao.com.br\/lf\/wp-content\/uploads\/2025\/03\/Atividades-Integral-LF-2025-7-819x1024.jpg\" alt=\"\" class=\"wp-image-18306\" srcset=\"https:\/\/lucianofeijao.com.br\/lf\/wp-content\/uploads\/2025\/03\/Atividades-Integral-LF-2025-7-819x1024.jpg 819w, https:\/\/lucianofeijao.com.br\/lf\/wp-content\/uploads\/2025\/03\/Atividades-Integral-LF-2025-7-240x300.jpg 240w, https:\/\/lucianofeijao.com.br\/lf\/wp-content\/uploads\/2025\/03\/Atividades-Integral-LF-2025-7-768x960.jpg 768w, https:\/\/lucianofeijao.com.br\/lf\/wp-content\/uploads\/2025\/03\/Atividades-Integral-LF-2025-7-120x150.jpg 120w, https:\/\/lucianofeijao.com.br\/lf\/wp-content\/uploads\/2025\/03\/Atividades-Integral-LF-2025-7.jpg 1080w\" sizes=\"(max-width: 819px) 100vw, 819px\" \/><\/a><\/figure>\n\n\n\n<figure class=\"wp-block-image size-large\"><a href=\"https:\/\/lucianofeijao.com.br\/lf\/wp-content\/uploads\/2025\/03\/Atividades-Integral-LF-2025-8.jpg\"><img decoding=\"async\" width=\"819\" height=\"1024\" data-id=\"18319\" src=\"https:\/\/lucianofeijao.com.br\/lf\/wp-content\/uploads\/2025\/03\/Atividades-Integral-LF-2025-8-819x1024.jpg\" alt=\"\" class=\"wp-image-18319\" srcset=\"https:\/\/lucianofeijao.com.br\/lf\/wp-content\/uploads\/2025\/03\/Atividades-Integral-LF-2025-8-819x1024.jpg 819w, https:\/\/lucianofeijao.com.br\/lf\/wp-content\/uploads\/2025\/03\/Atividades-Integral-LF-2025-8-240x300.jpg 240w, https:\/\/lucianofeijao.com.br\/lf\/wp-content\/uploads\/2025\/03\/Atividades-Integral-LF-2025-8-768x960.jpg 768w, https:\/\/lucianofeijao.com.br\/lf\/wp-content\/uploads\/2025\/03\/Atividades-Integral-LF-2025-8-120x150.jpg 120w, https:\/\/lucianofeijao.com.br\/lf\/wp-content\/uploads\/2025\/03\/Atividades-Integral-LF-2025-8.jpg 1080w\" sizes=\"(max-width: 819px) 100vw, 819px\" \/><\/a><\/figure>\n\n\n\n<figure class=\"wp-block-image size-large\"><a href=\"https:\/\/lucianofeijao.com.br\/lf\/wp-content\/uploads\/2025\/03\/Atividades-Integral-LF-2025-2.jpg\"><img loading=\"lazy\" decoding=\"async\" width=\"819\" height=\"1024\" data-id=\"18308\" src=\"https:\/\/lucianofeijao.com.br\/lf\/wp-content\/uploads\/2025\/03\/Atividades-Integral-LF-2025-2-819x1024.jpg\" alt=\"\" class=\"wp-image-18308\" srcset=\"https:\/\/lucianofeijao.com.br\/lf\/wp-content\/uploads\/2025\/03\/Atividades-Integral-LF-2025-2-819x1024.jpg 819w, https:\/\/lucianofeijao.com.br\/lf\/wp-content\/uploads\/2025\/03\/Atividades-Integral-LF-2025-2-240x300.jpg 240w, https:\/\/lucianofeijao.com.br\/lf\/wp-content\/uploads\/2025\/03\/Atividades-Integral-LF-2025-2-768x960.jpg 768w, https:\/\/lucianofeijao.com.br\/lf\/wp-content\/uploads\/2025\/03\/Atividades-Integral-LF-2025-2-120x150.jpg 120w, https:\/\/lucianofeijao.com.br\/lf\/wp-content\/uploads\/2025\/03\/Atividades-Integral-LF-2025-2.jpg 1080w\" sizes=\"(max-width: 819px) 100vw, 819px\" \/><\/a><\/figure>\n\n\n\n<figure class=\"wp-block-image size-large\"><a href=\"https:\/\/lucianofeijao.com.br\/lf\/wp-content\/uploads\/2025\/03\/Atividades-Integral-LF-2025-6.jpg\"><img loading=\"lazy\" decoding=\"async\" width=\"819\" height=\"1024\" data-id=\"18314\" src=\"https:\/\/lucianofeijao.com.br\/lf\/wp-content\/uploads\/2025\/03\/Atividades-Integral-LF-2025-6-819x1024.jpg\" alt=\"\" class=\"wp-image-18314\" srcset=\"https:\/\/lucianofeijao.com.br\/lf\/wp-content\/uploads\/2025\/03\/Atividades-Integral-LF-2025-6-819x1024.jpg 819w, https:\/\/lucianofeijao.com.br\/lf\/wp-content\/uploads\/2025\/03\/Atividades-Integral-LF-2025-6-240x300.jpg 240w, https:\/\/lucianofeijao.com.br\/lf\/wp-content\/uploads\/2025\/03\/Atividades-Integral-LF-2025-6-768x960.jpg 768w, https:\/\/lucianofeijao.com.br\/lf\/wp-content\/uploads\/2025\/03\/Atividades-Integral-LF-2025-6-120x150.jpg 120w, https:\/\/lucianofeijao.com.br\/lf\/wp-content\/uploads\/2025\/03\/Atividades-Integral-LF-2025-6.jpg 1080w\" sizes=\"(max-width: 819px) 100vw, 819px\" \/><\/a><\/figure>\n\n\n\n<figure class=\"wp-block-image size-large\"><a href=\"https:\/\/lucianofeijao.com.br\/lf\/wp-content\/uploads\/2025\/03\/Atividades-Integral-LF-2025-4.jpg\"><img loading=\"lazy\" decoding=\"async\" width=\"819\" height=\"1024\" data-id=\"18309\" src=\"https:\/\/lucianofeijao.com.br\/lf\/wp-content\/uploads\/2025\/03\/Atividades-Integral-LF-2025-4-819x1024.jpg\" alt=\"\" class=\"wp-image-18309\" srcset=\"https:\/\/lucianofeijao.com.br\/lf\/wp-content\/uploads\/2025\/03\/Atividades-Integral-LF-2025-4-819x1024.jpg 819w, https:\/\/lucianofeijao.com.br\/lf\/wp-content\/uploads\/2025\/03\/Atividades-Integral-LF-2025-4-240x300.jpg 240w, https:\/\/lucianofeijao.com.br\/lf\/wp-content\/uploads\/2025\/03\/Atividades-Integral-LF-2025-4-768x960.jpg 768w, https:\/\/lucianofeijao.com.br\/lf\/wp-content\/uploads\/2025\/03\/Atividades-Integral-LF-2025-4-120x150.jpg 120w, https:\/\/lucianofeijao.com.br\/lf\/wp-content\/uploads\/2025\/03\/Atividades-Integral-LF-2025-4.jpg 1080w\" sizes=\"(max-width: 819px) 100vw, 819px\" \/><\/a><\/figure>\n<\/figure>\n","protected":false},"excerpt":{"rendered":"<p>No Integral LF, cada atividade \u00e9 um passo rumo ao desenvolvimento completo das nossas crian\u00e7as! As tardes no Integral s\u00e3o repletas de atividades para os Feras. Al\u00e9m do acompanhamento pedag\u00f3gico, os alunos participam de aulas extracurriculares que contribuem para o desenvolvimento pleno das crian\u00e7as. As&nbsp;<a href=\"https:\/\/lucianofeijao.com.br\/lf\/no-integral-lf-do-colegio-luciano-feijao-o-aprendizado-vai-alem-da-sala-de-aula\/\">&hellip;<\/a><\/p>\n","protected":false},"author":1,"featured_media":18318,"comment_status":"closed","ping_status":"closed","sticky":false,"template":"","format":"standard","meta":{"cybocfi_hide_featured_image":"","footnotes":""},"categories":[4,93],"tags":[6,142,123,10],"class_list":["post-18302","post","type-post","status-publish","format-standard","has-post-thumbnail","hentry","category-colegio-luciano-feijao","category-ensino-integral","tag-colegio-luciano-feijao","tag-colegios-em-sobral","tag-ensino-integral","tag-escolas-em-sobral","odd"],"yoast_head":"<!-- This site is optimized with the Yoast SEO plugin v27.2 - https:\/\/yoast.com\/product\/yoast-seo-wordpress\/ -->\r\n<title>No Integral LF do Col\u00e9gio Luciano Feij\u00e3o, o aprendizado vai al\u00e9m da sala de aula! - Col\u00e9gio Luciano Feij\u00e3o<\/title>\r\n<meta name=\"description\" content=\"Um momento de magia, encanto e imagina\u00e7\u00e3o, onde os ferinhas mergulharam no mundo dos livros.\" \/>\r\n<meta name=\"robots\" content=\"index, follow, max-snippet:-1, max-image-preview:large, max-video-preview:-1\" \/>\r\n<link rel=\"canonical\" href=\"https:\/\/lucianofeijao.com.br\/lf\/no-integral-lf-do-colegio-luciano-feijao-o-aprendizado-vai-alem-da-sala-de-aula\/\" \/>\r\n<meta property=\"og:locale\" content=\"pt_BR\" \/>\r\n<meta property=\"og:type\" content=\"article\" \/>\r\n<meta property=\"og:title\" content=\"No Integral LF do Col\u00e9gio Luciano Feij\u00e3o, o aprendizado vai al\u00e9m da sala de aula! - Col\u00e9gio Luciano Feij\u00e3o\" \/>\r\n<meta property=\"og:description\" content=\"Um momento de magia, encanto e imagina\u00e7\u00e3o, onde os ferinhas mergulharam no mundo dos livros.\" \/>\r\n<meta property=\"og:url\" content=\"https:\/\/lucianofeijao.com.br\/lf\/no-integral-lf-do-colegio-luciano-feijao-o-aprendizado-vai-alem-da-sala-de-aula\/\" \/>\r\n<meta property=\"og:site_name\" content=\"Col\u00e9gio Luciano Feij\u00e3o\" \/>\r\n<meta property=\"article:publisher\" content=\"https:\/\/www.facebook.com\/ColegioLucianoFeijao\" \/>\r\n<meta property=\"article:published_time\" content=\"2025-03-13T20:31:51+00:00\" \/>\r\n<meta property=\"article:modified_time\" content=\"2025-03-13T20:31:54+00:00\" \/>\r\n<meta property=\"og:image\" content=\"https:\/\/lucianofeijao.com.br\/lf\/wp-content\/uploads\/2025\/03\/Capa-Atividades-Integral-LF-2025.jpg\" \/>\r\n\t<meta property=\"og:image:width\" content=\"2160\" \/>\r\n\t<meta property=\"og:image:height\" content=\"1794\" \/>\r\n\t<meta property=\"og:image:type\" content=\"image\/jpeg\" \/>\r\n<meta name=\"author\" content=\"CLF\" \/>\r\n<meta name=\"twitter:card\" content=\"summary_large_image\" \/>\r\n<script type=\"application\/ld+json\" class=\"yoast-schema-graph\">{\"@context\":\"https:\/\/schema.org\",\"@graph\":[{\"@type\":\"Article\",\"@id\":\"https:\/\/lucianofeijao.com.br\/lf\/no-integral-lf-do-colegio-luciano-feijao-o-aprendizado-vai-alem-da-sala-de-aula\/#article\",\"isPartOf\":{\"@id\":\"https:\/\/lucianofeijao.com.br\/lf\/no-integral-lf-do-colegio-luciano-feijao-o-aprendizado-vai-alem-da-sala-de-aula\/\"},\"author\":{\"name\":\"CLF\",\"@id\":\"https:\/\/lucianofeijao.com.br\/lf\/#\/schema\/person\/e866c975072680a406817a42fd348775\"},\"headline\":\"No Integral LF do Col\u00e9gio Luciano Feij\u00e3o, o aprendizado vai al\u00e9m da sala de aula!\",\"datePublished\":\"2025-03-13T20:31:51+00:00\",\"dateModified\":\"2025-03-13T20:31:54+00:00\",\"mainEntityOfPage\":{\"@id\":\"https:\/\/lucianofeijao.com.br\/lf\/no-integral-lf-do-colegio-luciano-feijao-o-aprendizado-vai-alem-da-sala-de-aula\/\"},\"wordCount\":130,\"publisher\":{\"@id\":\"https:\/\/lucianofeijao.com.br\/lf\/#organization\"},\"image\":{\"@id\":\"https:\/\/lucianofeijao.com.br\/lf\/no-integral-lf-do-colegio-luciano-feijao-o-aprendizado-vai-alem-da-sala-de-aula\/#primaryimage\"},\"thumbnailUrl\":\"https:\/\/lucianofeijao.com.br\/lf\/wp-content\/uploads\/2025\/03\/Capa-Atividades-Integral-LF-2025.jpg\",\"keywords\":[\"Col\u00e9gio Luciano Feij\u00e3o\",\"Col\u00e9gios em Sobral\",\"Ensino Integral\",\"Escolas em Sobral\"],\"articleSection\":[\"Col\u00e9gio Luciano Feij\u00e3o\",\"Ensino Integral\"],\"inLanguage\":\"pt-BR\"},{\"@type\":\"WebPage\",\"@id\":\"https:\/\/lucianofeijao.com.br\/lf\/no-integral-lf-do-colegio-luciano-feijao-o-aprendizado-vai-alem-da-sala-de-aula\/\",\"url\":\"https:\/\/lucianofeijao.com.br\/lf\/no-integral-lf-do-colegio-luciano-feijao-o-aprendizado-vai-alem-da-sala-de-aula\/\",\"name\":\"No Integral LF do Col\u00e9gio Luciano Feij\u00e3o, o aprendizado vai al\u00e9m da sala de aula! - Col\u00e9gio Luciano Feij\u00e3o\",\"isPartOf\":{\"@id\":\"https:\/\/lucianofeijao.com.br\/lf\/#website\"},\"primaryImageOfPage\":{\"@id\":\"https:\/\/lucianofeijao.com.br\/lf\/no-integral-lf-do-colegio-luciano-feijao-o-aprendizado-vai-alem-da-sala-de-aula\/#primaryimage\"},\"image\":{\"@id\":\"https:\/\/lucianofeijao.com.br\/lf\/no-integral-lf-do-colegio-luciano-feijao-o-aprendizado-vai-alem-da-sala-de-aula\/#primaryimage\"},\"thumbnailUrl\":\"https:\/\/lucianofeijao.com.br\/lf\/wp-content\/uploads\/2025\/03\/Capa-Atividades-Integral-LF-2025.jpg\",\"datePublished\":\"2025-03-13T20:31:51+00:00\",\"dateModified\":\"2025-03-13T20:31:54+00:00\",\"description\":\"Um momento de magia, encanto e imagina\u00e7\u00e3o, onde os ferinhas mergulharam no mundo dos livros.\",\"breadcrumb\":{\"@id\":\"https:\/\/lucianofeijao.com.br\/lf\/no-integral-lf-do-colegio-luciano-feijao-o-aprendizado-vai-alem-da-sala-de-aula\/#breadcrumb\"},\"inLanguage\":\"pt-BR\",\"potentialAction\":[{\"@type\":\"ReadAction\",\"target\":[\"https:\/\/lucianofeijao.com.br\/lf\/no-integral-lf-do-colegio-luciano-feijao-o-aprendizado-vai-alem-da-sala-de-aula\/\"]}]},{\"@type\":\"ImageObject\",\"inLanguage\":\"pt-BR\",\"@id\":\"https:\/\/lucianofeijao.com.br\/lf\/no-integral-lf-do-colegio-luciano-feijao-o-aprendizado-vai-alem-da-sala-de-aula\/#primaryimage\",\"url\":\"https:\/\/lucianofeijao.com.br\/lf\/wp-content\/uploads\/2025\/03\/Capa-Atividades-Integral-LF-2025.jpg\",\"contentUrl\":\"https:\/\/lucianofeijao.com.br\/lf\/wp-content\/uploads\/2025\/03\/Capa-Atividades-Integral-LF-2025.jpg\",\"width\":2160,\"height\":1794,\"caption\":\"Capa Atividades Integral LF 2025\"},{\"@type\":\"BreadcrumbList\",\"@id\":\"https:\/\/lucianofeijao.com.br\/lf\/no-integral-lf-do-colegio-luciano-feijao-o-aprendizado-vai-alem-da-sala-de-aula\/#breadcrumb\",\"itemListElement\":[{\"@type\":\"ListItem\",\"position\":1,\"name\":\"In\u00edcio\",\"item\":\"https:\/\/lucianofeijao.com.br\/lf\/\"},{\"@type\":\"ListItem\",\"position\":2,\"name\":\"No Integral LF do Col\u00e9gio Luciano Feij\u00e3o, o aprendizado vai al\u00e9m da sala de aula!\"}]},{\"@type\":\"WebSite\",\"@id\":\"https:\/\/lucianofeijao.com.br\/lf\/#website\",\"url\":\"https:\/\/lucianofeijao.com.br\/lf\/\",\"name\":\"Col\u00e9gio Luciano Feij\u00e3o\",\"description\":\"Tradi\u00e7\u00e3o e qualidade no melhor ensino da regi\u00e3o norte do Cear\u00e1, por mais de 50 anos desenvolvendo a forma\u00e7\u00e3o integral e autonomia do seu filho da Educa\u00e7\u00e3o Infantil ao Pr\u00e9-Universit\u00e1rio.\",\"publisher\":{\"@id\":\"https:\/\/lucianofeijao.com.br\/lf\/#organization\"},\"alternateName\":\"CLF\",\"potentialAction\":[{\"@type\":\"SearchAction\",\"target\":{\"@type\":\"EntryPoint\",\"urlTemplate\":\"https:\/\/lucianofeijao.com.br\/lf\/?s={search_term_string}\"},\"query-input\":{\"@type\":\"PropertyValueSpecification\",\"valueRequired\":true,\"valueName\":\"search_term_string\"}}],\"inLanguage\":\"pt-BR\"},{\"@type\":\"Organization\",\"@id\":\"https:\/\/lucianofeijao.com.br\/lf\/#organization\",\"name\":\"Col\u00e9gio Luciano Feij\u00e3o\",\"alternateName\":\"CLF\",\"url\":\"https:\/\/lucianofeijao.com.br\/lf\/\",\"logo\":{\"@type\":\"ImageObject\",\"inLanguage\":\"pt-BR\",\"@id\":\"https:\/\/lucianofeijao.com.br\/lf\/#\/schema\/logo\/image\/\",\"url\":\"https:\/\/lucianofeijao.com.br\/lf\/wp-content\/uploads\/2024\/07\/Logo-CLF-Azul-escuro.png\",\"contentUrl\":\"https:\/\/lucianofeijao.com.br\/lf\/wp-content\/uploads\/2024\/07\/Logo-CLF-Azul-escuro.png\",\"width\":280,\"height\":55,\"caption\":\"Col\u00e9gio Luciano Feij\u00e3o\"},\"image\":{\"@id\":\"https:\/\/lucianofeijao.com.br\/lf\/#\/schema\/logo\/image\/\"},\"sameAs\":[\"https:\/\/www.facebook.com\/ColegioLucianoFeijao\",\"https:\/\/www.instagram.com\/clfeijao\/\"]},{\"@type\":\"Person\",\"@id\":\"https:\/\/lucianofeijao.com.br\/lf\/#\/schema\/person\/e866c975072680a406817a42fd348775\",\"name\":\"CLF\",\"sameAs\":[\"http:\/\/webmaster@lucianofeijao.com.br\"],\"url\":\"https:\/\/lucianofeijao.com.br\/lf\/author\/webmaster\/\"}]}<\/script>\r\n<!-- \/ Yoast SEO plugin. -->","yoast_head_json":{"title":"No Integral LF do Col\u00e9gio Luciano Feij\u00e3o, o aprendizado vai al\u00e9m da sala de aula! - Col\u00e9gio Luciano Feij\u00e3o","description":"Um momento de magia, encanto e imagina\u00e7\u00e3o, onde os ferinhas mergulharam no mundo dos livros.","robots":{"index":"index","follow":"follow","max-snippet":"max-snippet:-1","max-image-preview":"max-image-preview:large","max-video-preview":"max-video-preview:-1"},"canonical":"https:\/\/lucianofeijao.com.br\/lf\/no-integral-lf-do-colegio-luciano-feijao-o-aprendizado-vai-alem-da-sala-de-aula\/","og_locale":"pt_BR","og_type":"article","og_title":"No Integral LF do Col\u00e9gio Luciano Feij\u00e3o, o aprendizado vai al\u00e9m da sala de aula! - Col\u00e9gio Luciano Feij\u00e3o","og_description":"Um momento de magia, encanto e imagina\u00e7\u00e3o, onde os ferinhas mergulharam no mundo dos livros.","og_url":"https:\/\/lucianofeijao.com.br\/lf\/no-integral-lf-do-colegio-luciano-feijao-o-aprendizado-vai-alem-da-sala-de-aula\/","og_site_name":"Col\u00e9gio Luciano Feij\u00e3o","article_publisher":"https:\/\/www.facebook.com\/ColegioLucianoFeijao","article_published_time":"2025-03-13T20:31:51+00:00","article_modified_time":"2025-03-13T20:31:54+00:00","og_image":[{"width":2160,"height":1794,"url":"https:\/\/lucianofeijao.com.br\/lf\/wp-content\/uploads\/2025\/03\/Capa-Atividades-Integral-LF-2025.jpg","type":"image\/jpeg"}],"author":"CLF","twitter_card":"summary_large_image","schema":{"@context":"https:\/\/schema.org","@graph":[{"@type":"Article","@id":"https:\/\/lucianofeijao.com.br\/lf\/no-integral-lf-do-colegio-luciano-feijao-o-aprendizado-vai-alem-da-sala-de-aula\/#article","isPartOf":{"@id":"https:\/\/lucianofeijao.com.br\/lf\/no-integral-lf-do-colegio-luciano-feijao-o-aprendizado-vai-alem-da-sala-de-aula\/"},"author":{"name":"CLF","@id":"https:\/\/lucianofeijao.com.br\/lf\/#\/schema\/person\/e866c975072680a406817a42fd348775"},"headline":"No Integral LF do Col\u00e9gio Luciano Feij\u00e3o, o aprendizado vai al\u00e9m da sala de aula!","datePublished":"2025-03-13T20:31:51+00:00","dateModified":"2025-03-13T20:31:54+00:00","mainEntityOfPage":{"@id":"https:\/\/lucianofeijao.com.br\/lf\/no-integral-lf-do-colegio-luciano-feijao-o-aprendizado-vai-alem-da-sala-de-aula\/"},"wordCount":130,"publisher":{"@id":"https:\/\/lucianofeijao.com.br\/lf\/#organization"},"image":{"@id":"https:\/\/lucianofeijao.com.br\/lf\/no-integral-lf-do-colegio-luciano-feijao-o-aprendizado-vai-alem-da-sala-de-aula\/#primaryimage"},"thumbnailUrl":"https:\/\/lucianofeijao.com.br\/lf\/wp-content\/uploads\/2025\/03\/Capa-Atividades-Integral-LF-2025.jpg","keywords":["Col\u00e9gio Luciano Feij\u00e3o","Col\u00e9gios em Sobral","Ensino Integral","Escolas em Sobral"],"articleSection":["Col\u00e9gio Luciano Feij\u00e3o","Ensino Integral"],"inLanguage":"pt-BR"},{"@type":"WebPage","@id":"https:\/\/lucianofeijao.com.br\/lf\/no-integral-lf-do-colegio-luciano-feijao-o-aprendizado-vai-alem-da-sala-de-aula\/","url":"https:\/\/lucianofeijao.com.br\/lf\/no-integral-lf-do-colegio-luciano-feijao-o-aprendizado-vai-alem-da-sala-de-aula\/","name":"No Integral LF do Col\u00e9gio Luciano Feij\u00e3o, o aprendizado vai al\u00e9m da sala de aula! - Col\u00e9gio Luciano Feij\u00e3o","isPartOf":{"@id":"https:\/\/lucianofeijao.com.br\/lf\/#website"},"primaryImageOfPage":{"@id":"https:\/\/lucianofeijao.com.br\/lf\/no-integral-lf-do-colegio-luciano-feijao-o-aprendizado-vai-alem-da-sala-de-aula\/#primaryimage"},"image":{"@id":"https:\/\/lucianofeijao.com.br\/lf\/no-integral-lf-do-colegio-luciano-feijao-o-aprendizado-vai-alem-da-sala-de-aula\/#primaryimage"},"thumbnailUrl":"https:\/\/lucianofeijao.com.br\/lf\/wp-content\/uploads\/2025\/03\/Capa-Atividades-Integral-LF-2025.jpg","datePublished":"2025-03-13T20:31:51+00:00","dateModified":"2025-03-13T20:31:54+00:00","description":"Um momento de magia, encanto e imagina\u00e7\u00e3o, onde os ferinhas mergulharam no mundo dos livros.","breadcrumb":{"@id":"https:\/\/lucianofeijao.com.br\/lf\/no-integral-lf-do-colegio-luciano-feijao-o-aprendizado-vai-alem-da-sala-de-aula\/#breadcrumb"},"inLanguage":"pt-BR","potentialAction":[{"@type":"ReadAction","target":["https:\/\/lucianofeijao.com.br\/lf\/no-integral-lf-do-colegio-luciano-feijao-o-aprendizado-vai-alem-da-sala-de-aula\/"]}]},{"@type":"ImageObject","inLanguage":"pt-BR","@id":"https:\/\/lucianofeijao.com.br\/lf\/no-integral-lf-do-colegio-luciano-feijao-o-aprendizado-vai-alem-da-sala-de-aula\/#primaryimage","url":"https:\/\/lucianofeijao.com.br\/lf\/wp-content\/uploads\/2025\/03\/Capa-Atividades-Integral-LF-2025.jpg","contentUrl":"https:\/\/lucianofeijao.com.br\/lf\/wp-content\/uploads\/2025\/03\/Capa-Atividades-Integral-LF-2025.jpg","width":2160,"height":1794,"caption":"Capa Atividades Integral LF 2025"},{"@type":"BreadcrumbList","@id":"https:\/\/lucianofeijao.com.br\/lf\/no-integral-lf-do-colegio-luciano-feijao-o-aprendizado-vai-alem-da-sala-de-aula\/#breadcrumb","itemListElement":[{"@type":"ListItem","position":1,"name":"In\u00edcio","item":"https:\/\/lucianofeijao.com.br\/lf\/"},{"@type":"ListItem","position":2,"name":"No Integral LF do Col\u00e9gio Luciano Feij\u00e3o, o aprendizado vai al\u00e9m da sala de aula!"}]},{"@type":"WebSite","@id":"https:\/\/lucianofeijao.com.br\/lf\/#website","url":"https:\/\/lucianofeijao.com.br\/lf\/","name":"Col\u00e9gio Luciano Feij\u00e3o","description":"Tradi\u00e7\u00e3o e qualidade no melhor ensino da regi\u00e3o norte do Cear\u00e1, por mais de 50 anos desenvolvendo a forma\u00e7\u00e3o integral e autonomia do seu filho da Educa\u00e7\u00e3o Infantil ao Pr\u00e9-Universit\u00e1rio.","publisher":{"@id":"https:\/\/lucianofeijao.com.br\/lf\/#organization"},"alternateName":"CLF","potentialAction":[{"@type":"SearchAction","target":{"@type":"EntryPoint","urlTemplate":"https:\/\/lucianofeijao.com.br\/lf\/?s={search_term_string}"},"query-input":{"@type":"PropertyValueSpecification","valueRequired":true,"valueName":"search_term_string"}}],"inLanguage":"pt-BR"},{"@type":"Organization","@id":"https:\/\/lucianofeijao.com.br\/lf\/#organization","name":"Col\u00e9gio Luciano Feij\u00e3o","alternateName":"CLF","url":"https:\/\/lucianofeijao.com.br\/lf\/","logo":{"@type":"ImageObject","inLanguage":"pt-BR","@id":"https:\/\/lucianofeijao.com.br\/lf\/#\/schema\/logo\/image\/","url":"https:\/\/lucianofeijao.com.br\/lf\/wp-content\/uploads\/2024\/07\/Logo-CLF-Azul-escuro.png","contentUrl":"https:\/\/lucianofeijao.com.br\/lf\/wp-content\/uploads\/2024\/07\/Logo-CLF-Azul-escuro.png","width":280,"height":55,"caption":"Col\u00e9gio Luciano Feij\u00e3o"},"image":{"@id":"https:\/\/lucianofeijao.com.br\/lf\/#\/schema\/logo\/image\/"},"sameAs":["https:\/\/www.facebook.com\/ColegioLucianoFeijao","https:\/\/www.instagram.com\/clfeijao\/"]},{"@type":"Person","@id":"https:\/\/lucianofeijao.com.br\/lf\/#\/schema\/person\/e866c975072680a406817a42fd348775","name":"CLF","sameAs":["http:\/\/webmaster@lucianofeijao.com.br"],"url":"https:\/\/lucianofeijao.com.br\/lf\/author\/webmaster\/"}]}},"_links":{"self":[{"href":"https:\/\/lucianofeijao.com.br\/lf\/wp-json\/wp\/v2\/posts\/18302","targetHints":{"allow":["GET"]}}],"collection":[{"href":"https:\/\/lucianofeijao.com.br\/lf\/wp-json\/wp\/v2\/posts"}],"about":[{"href":"https:\/\/lucianofeijao.com.br\/lf\/wp-json\/wp\/v2\/types\/post"}],"author":[{"embeddable":true,"href":"https:\/\/lucianofeijao.com.br\/lf\/wp-json\/wp\/v2\/users\/1"}],"replies":[{"embeddable":true,"href":"https:\/\/lucianofeijao.com.br\/lf\/wp-json\/wp\/v2\/comments?post=18302"}],"version-history":[{"count":5,"href":"https:\/\/lucianofeijao.com.br\/lf\/wp-json\/wp\/v2\/posts\/18302\/revisions"}],"predecessor-version":[{"id":18320,"href":"https:\/\/lucianofeijao.com.br\/lf\/wp-json\/wp\/v2\/posts\/18302\/revisions\/18320"}],"wp:featuredmedia":[{"embeddable":true,"href":"https:\/\/lucianofeijao.com.br\/lf\/wp-json\/wp\/v2\/media\/18318"}],"wp:attachment":[{"href":"https:\/\/lucianofeijao.com.br\/lf\/wp-json\/wp\/v2\/media?parent=18302"}],"wp:term":[{"taxonomy":"category","embeddable":true,"href":"https:\/\/lucianofeijao.com.br\/lf\/wp-json\/wp\/v2\/categories?post=18302"},{"taxonomy":"post_tag","embeddable":true,"href":"https:\/\/lucianofeijao.com.br\/lf\/wp-json\/wp\/v2\/tags?post=18302"}],"curies":[{"name":"wp","href":"https:\/\/api.w.org\/{rel}","templated":true}]}}