{"id":17544,"date":"2024-12-04T16:45:53","date_gmt":"2024-12-04T19:45:53","guid":{"rendered":"https:\/\/lucianofeijao.com.br\/lf\/?p=17544"},"modified":"2024-12-27T17:03:24","modified_gmt":"2024-12-27T20:03:24","slug":"o-encerramento-do-ensino-infantil-do-clf-em-grande-estilo","status":"publish","type":"post","link":"https:\/\/lucianofeijao.com.br\/lf\/o-encerramento-do-ensino-infantil-do-clf-em-grande-estilo\/","title":{"rendered":"O Encerramento de semestre do Ensino Infantil em Grande Estilo"},"content":{"rendered":"\n<p>Os pequenos do Ensino Infantil do CLF encerraram um ciclo de muito aprendizado.<\/p>\n\n\n\n<p>Nesta quinta-feira (28\/11), nossos ferinhas brilharam na apresenta\u00e7\u00e3o de encerramento, celebrando tudo o que conquistaram ao longo deste ano. Foi um momento de despedida de uma fase encantadora, mas tamb\u00e9m de grande expectativa pelo futuro.<\/p>\n\n\n\n<p>A noite foi marcada por sorrisos, emo\u00e7\u00e3o e apresenta\u00e7\u00f5es cheias de talento, onde as crian\u00e7as mostraram o qu\u00e3o evolu\u00edram com alegria e dedica\u00e7\u00e3o.<\/p>\n\n\n\n<p>Apenas o in\u00edcio de uma jornada repleta de conquistas e aprendizados!<\/p>\n\n\n\n<div class=\"wp-block-buttons is-content-justification-left is-layout-flex wp-container-core-buttons-is-layout-fdcfc74e wp-block-buttons-is-layout-flex\">\n<div class=\"wp-block-button is-style-fill\"><a class=\"wp-block-button__link has-background wp-element-button\" href=\"https:\/\/photos.google.com\/share\/AF1QipMDL7ho1HUDXZH6AWA-uaVbzlNd2uVd2RZWu4EuifNFEIxh1oGU3P_jLQDkEAAfqQ?key=bTlYNTJsUHFaM09lekdUTGM5TXdfcmoxbGVKWXpB\" style=\"border-top-left-radius:8px;border-top-right-radius:8px;border-bottom-left-radius:8px;border-bottom-right-radius:8px;background-color:#006ba1\" target=\"_blank\" rel=\"noreferrer noopener\">Clique Aqui!<\/a><\/div>\n<\/div>\n\n\n\n<div style=\"height:10px\" aria-hidden=\"true\" class=\"wp-block-spacer\"><\/div>\n\n\n\n<figure class=\"wp-block-gallery has-nested-images columns-3 is-cropped wp-block-gallery-1 is-layout-flex wp-block-gallery-is-layout-flex\">\n<figure class=\"wp-block-image size-full\"><a href=\"https:\/\/lucianofeijao.com.br\/lf\/wp-content\/uploads\/2024\/12\/Encerramento-Infantil-CLF-12.jpg\"><img fetchpriority=\"high\" decoding=\"async\" width=\"1200\" height=\"800\" data-id=\"17556\" src=\"https:\/\/lucianofeijao.com.br\/lf\/wp-content\/uploads\/2024\/12\/Encerramento-Infantil-CLF-12.jpg\" alt=\"\" class=\"wp-image-17556\" srcset=\"https:\/\/lucianofeijao.com.br\/lf\/wp-content\/uploads\/2024\/12\/Encerramento-Infantil-CLF-12.jpg 1200w, https:\/\/lucianofeijao.com.br\/lf\/wp-content\/uploads\/2024\/12\/Encerramento-Infantil-CLF-12-300x200.jpg 300w, https:\/\/lucianofeijao.com.br\/lf\/wp-content\/uploads\/2024\/12\/Encerramento-Infantil-CLF-12-1024x683.jpg 1024w, https:\/\/lucianofeijao.com.br\/lf\/wp-content\/uploads\/2024\/12\/Encerramento-Infantil-CLF-12-768x512.jpg 768w, https:\/\/lucianofeijao.com.br\/lf\/wp-content\/uploads\/2024\/12\/Encerramento-Infantil-CLF-12-150x100.jpg 150w\" sizes=\"(max-width: 1200px) 100vw, 1200px\" \/><\/a><\/figure>\n\n\n\n<figure class=\"wp-block-image size-full\"><a href=\"https:\/\/lucianofeijao.com.br\/lf\/wp-content\/uploads\/2024\/12\/Encerramento-Infantil-CLF-3.jpg\"><img decoding=\"async\" width=\"1200\" height=\"800\" data-id=\"17557\" src=\"https:\/\/lucianofeijao.com.br\/lf\/wp-content\/uploads\/2024\/12\/Encerramento-Infantil-CLF-3.jpg\" alt=\"\" class=\"wp-image-17557\" srcset=\"https:\/\/lucianofeijao.com.br\/lf\/wp-content\/uploads\/2024\/12\/Encerramento-Infantil-CLF-3.jpg 1200w, https:\/\/lucianofeijao.com.br\/lf\/wp-content\/uploads\/2024\/12\/Encerramento-Infantil-CLF-3-300x200.jpg 300w, https:\/\/lucianofeijao.com.br\/lf\/wp-content\/uploads\/2024\/12\/Encerramento-Infantil-CLF-3-1024x683.jpg 1024w, https:\/\/lucianofeijao.com.br\/lf\/wp-content\/uploads\/2024\/12\/Encerramento-Infantil-CLF-3-768x512.jpg 768w, https:\/\/lucianofeijao.com.br\/lf\/wp-content\/uploads\/2024\/12\/Encerramento-Infantil-CLF-3-150x100.jpg 150w\" sizes=\"(max-width: 1200px) 100vw, 1200px\" \/><\/a><\/figure>\n\n\n\n<figure class=\"wp-block-image size-full\"><a href=\"https:\/\/lucianofeijao.com.br\/lf\/wp-content\/uploads\/2024\/12\/Encerramento-Infantil-CLF-4.jpg\"><img decoding=\"async\" width=\"1200\" height=\"800\" data-id=\"17558\" src=\"https:\/\/lucianofeijao.com.br\/lf\/wp-content\/uploads\/2024\/12\/Encerramento-Infantil-CLF-4.jpg\" alt=\"\" class=\"wp-image-17558\" srcset=\"https:\/\/lucianofeijao.com.br\/lf\/wp-content\/uploads\/2024\/12\/Encerramento-Infantil-CLF-4.jpg 1200w, https:\/\/lucianofeijao.com.br\/lf\/wp-content\/uploads\/2024\/12\/Encerramento-Infantil-CLF-4-300x200.jpg 300w, https:\/\/lucianofeijao.com.br\/lf\/wp-content\/uploads\/2024\/12\/Encerramento-Infantil-CLF-4-1024x683.jpg 1024w, https:\/\/lucianofeijao.com.br\/lf\/wp-content\/uploads\/2024\/12\/Encerramento-Infantil-CLF-4-768x512.jpg 768w, https:\/\/lucianofeijao.com.br\/lf\/wp-content\/uploads\/2024\/12\/Encerramento-Infantil-CLF-4-150x100.jpg 150w\" sizes=\"(max-width: 1200px) 100vw, 1200px\" \/><\/a><\/figure>\n\n\n\n<figure class=\"wp-block-image size-full\"><a href=\"https:\/\/lucianofeijao.com.br\/lf\/wp-content\/uploads\/2024\/12\/Encerramento-Infantil-CLF-6.jpg\"><img loading=\"lazy\" decoding=\"async\" width=\"1200\" height=\"800\" data-id=\"17559\" src=\"https:\/\/lucianofeijao.com.br\/lf\/wp-content\/uploads\/2024\/12\/Encerramento-Infantil-CLF-6.jpg\" alt=\"\" class=\"wp-image-17559\" srcset=\"https:\/\/lucianofeijao.com.br\/lf\/wp-content\/uploads\/2024\/12\/Encerramento-Infantil-CLF-6.jpg 1200w, https:\/\/lucianofeijao.com.br\/lf\/wp-content\/uploads\/2024\/12\/Encerramento-Infantil-CLF-6-300x200.jpg 300w, https:\/\/lucianofeijao.com.br\/lf\/wp-content\/uploads\/2024\/12\/Encerramento-Infantil-CLF-6-1024x683.jpg 1024w, https:\/\/lucianofeijao.com.br\/lf\/wp-content\/uploads\/2024\/12\/Encerramento-Infantil-CLF-6-768x512.jpg 768w, https:\/\/lucianofeijao.com.br\/lf\/wp-content\/uploads\/2024\/12\/Encerramento-Infantil-CLF-6-150x100.jpg 150w\" sizes=\"(max-width: 1200px) 100vw, 1200px\" \/><\/a><\/figure>\n\n\n\n<figure class=\"wp-block-image size-full\"><a href=\"https:\/\/lucianofeijao.com.br\/lf\/wp-content\/uploads\/2024\/12\/Encerramento-Infantil-CLF-7.jpg\"><img loading=\"lazy\" decoding=\"async\" width=\"1200\" height=\"800\" data-id=\"17560\" src=\"https:\/\/lucianofeijao.com.br\/lf\/wp-content\/uploads\/2024\/12\/Encerramento-Infantil-CLF-7.jpg\" alt=\"\" class=\"wp-image-17560\" srcset=\"https:\/\/lucianofeijao.com.br\/lf\/wp-content\/uploads\/2024\/12\/Encerramento-Infantil-CLF-7.jpg 1200w, https:\/\/lucianofeijao.com.br\/lf\/wp-content\/uploads\/2024\/12\/Encerramento-Infantil-CLF-7-300x200.jpg 300w, https:\/\/lucianofeijao.com.br\/lf\/wp-content\/uploads\/2024\/12\/Encerramento-Infantil-CLF-7-1024x683.jpg 1024w, https:\/\/lucianofeijao.com.br\/lf\/wp-content\/uploads\/2024\/12\/Encerramento-Infantil-CLF-7-768x512.jpg 768w, https:\/\/lucianofeijao.com.br\/lf\/wp-content\/uploads\/2024\/12\/Encerramento-Infantil-CLF-7-150x100.jpg 150w\" sizes=\"(max-width: 1200px) 100vw, 1200px\" \/><\/a><\/figure>\n\n\n\n<figure class=\"wp-block-image size-medium\"><a href=\"https:\/\/lucianofeijao.com.br\/lf\/wp-content\/uploads\/2024\/12\/Encerramento-Infantil-CLF-17.jpg\"><img loading=\"lazy\" decoding=\"async\" width=\"300\" height=\"200\" data-id=\"17561\" src=\"https:\/\/lucianofeijao.com.br\/lf\/wp-content\/uploads\/2024\/12\/Encerramento-Infantil-CLF-17-300x200.jpg\" alt=\"\" class=\"wp-image-17561\" srcset=\"https:\/\/lucianofeijao.com.br\/lf\/wp-content\/uploads\/2024\/12\/Encerramento-Infantil-CLF-17-300x200.jpg 300w, https:\/\/lucianofeijao.com.br\/lf\/wp-content\/uploads\/2024\/12\/Encerramento-Infantil-CLF-17-1024x683.jpg 1024w, https:\/\/lucianofeijao.com.br\/lf\/wp-content\/uploads\/2024\/12\/Encerramento-Infantil-CLF-17-768x510.jpg 768w, https:\/\/lucianofeijao.com.br\/lf\/wp-content\/uploads\/2024\/12\/Encerramento-Infantil-CLF-17-150x100.jpg 150w, https:\/\/lucianofeijao.com.br\/lf\/wp-content\/uploads\/2024\/12\/Encerramento-Infantil-CLF-17.jpg 1200w\" sizes=\"(max-width: 300px) 100vw, 300px\" \/><\/a><\/figure>\n\n\n\n<figure class=\"wp-block-image size-full\"><a href=\"https:\/\/lucianofeijao.com.br\/lf\/wp-content\/uploads\/2024\/12\/Encerramento-Infantil-CLF-16.jpg\"><img loading=\"lazy\" decoding=\"async\" width=\"1200\" height=\"800\" data-id=\"17562\" src=\"https:\/\/lucianofeijao.com.br\/lf\/wp-content\/uploads\/2024\/12\/Encerramento-Infantil-CLF-16.jpg\" alt=\"\" class=\"wp-image-17562\" srcset=\"https:\/\/lucianofeijao.com.br\/lf\/wp-content\/uploads\/2024\/12\/Encerramento-Infantil-CLF-16.jpg 1200w, https:\/\/lucianofeijao.com.br\/lf\/wp-content\/uploads\/2024\/12\/Encerramento-Infantil-CLF-16-300x200.jpg 300w, https:\/\/lucianofeijao.com.br\/lf\/wp-content\/uploads\/2024\/12\/Encerramento-Infantil-CLF-16-1024x683.jpg 1024w, https:\/\/lucianofeijao.com.br\/lf\/wp-content\/uploads\/2024\/12\/Encerramento-Infantil-CLF-16-768x512.jpg 768w, https:\/\/lucianofeijao.com.br\/lf\/wp-content\/uploads\/2024\/12\/Encerramento-Infantil-CLF-16-150x100.jpg 150w\" sizes=\"(max-width: 1200px) 100vw, 1200px\" \/><\/a><\/figure>\n\n\n\n<figure class=\"wp-block-image size-full\"><a href=\"https:\/\/lucianofeijao.com.br\/lf\/wp-content\/uploads\/2024\/12\/Encerramento-Infantil-CLF-9.jpg\"><img loading=\"lazy\" decoding=\"async\" width=\"1200\" height=\"800\" data-id=\"17563\" src=\"https:\/\/lucianofeijao.com.br\/lf\/wp-content\/uploads\/2024\/12\/Encerramento-Infantil-CLF-9.jpg\" alt=\"\" class=\"wp-image-17563\" srcset=\"https:\/\/lucianofeijao.com.br\/lf\/wp-content\/uploads\/2024\/12\/Encerramento-Infantil-CLF-9.jpg 1200w, https:\/\/lucianofeijao.com.br\/lf\/wp-content\/uploads\/2024\/12\/Encerramento-Infantil-CLF-9-300x200.jpg 300w, https:\/\/lucianofeijao.com.br\/lf\/wp-content\/uploads\/2024\/12\/Encerramento-Infantil-CLF-9-1024x683.jpg 1024w, https:\/\/lucianofeijao.com.br\/lf\/wp-content\/uploads\/2024\/12\/Encerramento-Infantil-CLF-9-768x512.jpg 768w, https:\/\/lucianofeijao.com.br\/lf\/wp-content\/uploads\/2024\/12\/Encerramento-Infantil-CLF-9-150x100.jpg 150w\" sizes=\"(max-width: 1200px) 100vw, 1200px\" \/><\/a><\/figure>\n<\/figure>\n","protected":false},"excerpt":{"rendered":"<p>Os pequenos do Ensino Infantil do CLF encerraram um ciclo de muito aprendizado. Nesta quinta-feira (28\/11), nossos ferinhas brilharam na apresenta\u00e7\u00e3o de encerramento, celebrando tudo o que conquistaram ao longo deste ano. Foi um momento de despedida de uma fase encantadora, mas tamb\u00e9m de grande&nbsp;<a href=\"https:\/\/lucianofeijao.com.br\/lf\/o-encerramento-do-ensino-infantil-do-clf-em-grande-estilo\/\">&hellip;<\/a><\/p>\n","protected":false},"author":1,"featured_media":17555,"comment_status":"closed","ping_status":"closed","sticky":false,"template":"","format":"standard","meta":{"cybocfi_hide_featured_image":"","footnotes":""},"categories":[4,35],"tags":[6,142,125,10,107],"class_list":["post-17544","post","type-post","status-publish","format-standard","has-post-thumbnail","hentry","category-colegio-luciano-feijao","category-infantil","tag-colegio-luciano-feijao","tag-colegios-em-sobral","tag-ed-infantil","tag-escolas-em-sobral","tag-luciano-feijao","odd"],"yoast_head":"<!-- This site is optimized with the Yoast SEO plugin v27.2 - https:\/\/yoast.com\/product\/yoast-seo-wordpress\/ -->\r\n<title>O Encerramento de semestre do Ensino Infantil em Grande Estilo - Col\u00e9gio Luciano Feij\u00e3o<\/title>\r\n<meta name=\"description\" content=\"Com apresenta\u00e7\u00f5es criativas, os ferinhas mostraram talento e dedica\u00e7\u00e3o, conectando o idioma \u00e0 cultura com dom\u00ednio e entusiasmo.\" \/>\r\n<meta name=\"robots\" content=\"index, follow, max-snippet:-1, max-image-preview:large, max-video-preview:-1\" \/>\r\n<link rel=\"canonical\" href=\"https:\/\/lucianofeijao.com.br\/lf\/o-encerramento-do-ensino-infantil-do-clf-em-grande-estilo\/\" \/>\r\n<meta property=\"og:locale\" content=\"pt_BR\" \/>\r\n<meta property=\"og:type\" content=\"article\" \/>\r\n<meta property=\"og:title\" content=\"O Encerramento de semestre do Ensino Infantil em Grande Estilo - Col\u00e9gio Luciano Feij\u00e3o\" \/>\r\n<meta property=\"og:description\" content=\"Com apresenta\u00e7\u00f5es criativas, os ferinhas mostraram talento e dedica\u00e7\u00e3o, conectando o idioma \u00e0 cultura com dom\u00ednio e entusiasmo.\" \/>\r\n<meta property=\"og:url\" content=\"https:\/\/lucianofeijao.com.br\/lf\/o-encerramento-do-ensino-infantil-do-clf-em-grande-estilo\/\" \/>\r\n<meta property=\"og:site_name\" content=\"Col\u00e9gio Luciano Feij\u00e3o\" \/>\r\n<meta property=\"article:publisher\" content=\"https:\/\/www.facebook.com\/ColegioLucianoFeijao\" \/>\r\n<meta property=\"article:published_time\" content=\"2024-12-04T19:45:53+00:00\" \/>\r\n<meta property=\"article:modified_time\" content=\"2024-12-27T20:03:24+00:00\" \/>\r\n<meta property=\"og:image\" content=\"https:\/\/lucianofeijao.com.br\/lf\/wp-content\/uploads\/2024\/12\/Capa-Encerramento-Infantil-CLF.jpg\" \/>\r\n\t<meta property=\"og:image:width\" content=\"814\" \/>\r\n\t<meta property=\"og:image:height\" content=\"420\" \/>\r\n\t<meta property=\"og:image:type\" content=\"image\/jpeg\" \/>\r\n<meta name=\"author\" content=\"CLF\" \/>\r\n<meta name=\"twitter:card\" content=\"summary_large_image\" \/>\r\n<script type=\"application\/ld+json\" class=\"yoast-schema-graph\">{\"@context\":\"https:\/\/schema.org\",\"@graph\":[{\"@type\":\"Article\",\"@id\":\"https:\/\/lucianofeijao.com.br\/lf\/o-encerramento-do-ensino-infantil-do-clf-em-grande-estilo\/#article\",\"isPartOf\":{\"@id\":\"https:\/\/lucianofeijao.com.br\/lf\/o-encerramento-do-ensino-infantil-do-clf-em-grande-estilo\/\"},\"author\":{\"name\":\"CLF\",\"@id\":\"https:\/\/lucianofeijao.com.br\/lf\/#\/schema\/person\/e866c975072680a406817a42fd348775\"},\"headline\":\"O Encerramento de semestre do Ensino Infantil em Grande Estilo\",\"datePublished\":\"2024-12-04T19:45:53+00:00\",\"dateModified\":\"2024-12-27T20:03:24+00:00\",\"mainEntityOfPage\":{\"@id\":\"https:\/\/lucianofeijao.com.br\/lf\/o-encerramento-do-ensino-infantil-do-clf-em-grande-estilo\/\"},\"wordCount\":102,\"publisher\":{\"@id\":\"https:\/\/lucianofeijao.com.br\/lf\/#organization\"},\"image\":{\"@id\":\"https:\/\/lucianofeijao.com.br\/lf\/o-encerramento-do-ensino-infantil-do-clf-em-grande-estilo\/#primaryimage\"},\"thumbnailUrl\":\"https:\/\/lucianofeijao.com.br\/lf\/wp-content\/uploads\/2024\/12\/Capa-Encerramento-Infantil-CLF.jpg\",\"keywords\":[\"Col\u00e9gio Luciano Feij\u00e3o\",\"Col\u00e9gios em Sobral\",\"Ed. Infantil\",\"Escolas em Sobral\",\"Luciano Feij\u00e3o\"],\"articleSection\":[\"Col\u00e9gio Luciano Feij\u00e3o\",\"Infantil\"],\"inLanguage\":\"pt-BR\"},{\"@type\":\"WebPage\",\"@id\":\"https:\/\/lucianofeijao.com.br\/lf\/o-encerramento-do-ensino-infantil-do-clf-em-grande-estilo\/\",\"url\":\"https:\/\/lucianofeijao.com.br\/lf\/o-encerramento-do-ensino-infantil-do-clf-em-grande-estilo\/\",\"name\":\"O Encerramento de semestre do Ensino Infantil em Grande Estilo - Col\u00e9gio Luciano Feij\u00e3o\",\"isPartOf\":{\"@id\":\"https:\/\/lucianofeijao.com.br\/lf\/#website\"},\"primaryImageOfPage\":{\"@id\":\"https:\/\/lucianofeijao.com.br\/lf\/o-encerramento-do-ensino-infantil-do-clf-em-grande-estilo\/#primaryimage\"},\"image\":{\"@id\":\"https:\/\/lucianofeijao.com.br\/lf\/o-encerramento-do-ensino-infantil-do-clf-em-grande-estilo\/#primaryimage\"},\"thumbnailUrl\":\"https:\/\/lucianofeijao.com.br\/lf\/wp-content\/uploads\/2024\/12\/Capa-Encerramento-Infantil-CLF.jpg\",\"datePublished\":\"2024-12-04T19:45:53+00:00\",\"dateModified\":\"2024-12-27T20:03:24+00:00\",\"description\":\"Com apresenta\u00e7\u00f5es criativas, os ferinhas mostraram talento e dedica\u00e7\u00e3o, conectando o idioma \u00e0 cultura com dom\u00ednio e entusiasmo.\",\"breadcrumb\":{\"@id\":\"https:\/\/lucianofeijao.com.br\/lf\/o-encerramento-do-ensino-infantil-do-clf-em-grande-estilo\/#breadcrumb\"},\"inLanguage\":\"pt-BR\",\"potentialAction\":[{\"@type\":\"ReadAction\",\"target\":[\"https:\/\/lucianofeijao.com.br\/lf\/o-encerramento-do-ensino-infantil-do-clf-em-grande-estilo\/\"]}]},{\"@type\":\"ImageObject\",\"inLanguage\":\"pt-BR\",\"@id\":\"https:\/\/lucianofeijao.com.br\/lf\/o-encerramento-do-ensino-infantil-do-clf-em-grande-estilo\/#primaryimage\",\"url\":\"https:\/\/lucianofeijao.com.br\/lf\/wp-content\/uploads\/2024\/12\/Capa-Encerramento-Infantil-CLF.jpg\",\"contentUrl\":\"https:\/\/lucianofeijao.com.br\/lf\/wp-content\/uploads\/2024\/12\/Capa-Encerramento-Infantil-CLF.jpg\",\"width\":814,\"height\":420,\"caption\":\"Capa Encerramento Infantil CLF\"},{\"@type\":\"BreadcrumbList\",\"@id\":\"https:\/\/lucianofeijao.com.br\/lf\/o-encerramento-do-ensino-infantil-do-clf-em-grande-estilo\/#breadcrumb\",\"itemListElement\":[{\"@type\":\"ListItem\",\"position\":1,\"name\":\"In\u00edcio\",\"item\":\"https:\/\/lucianofeijao.com.br\/lf\/\"},{\"@type\":\"ListItem\",\"position\":2,\"name\":\"O Encerramento de semestre do Ensino Infantil em Grande Estilo\"}]},{\"@type\":\"WebSite\",\"@id\":\"https:\/\/lucianofeijao.com.br\/lf\/#website\",\"url\":\"https:\/\/lucianofeijao.com.br\/lf\/\",\"name\":\"Col\u00e9gio Luciano Feij\u00e3o\",\"description\":\"Tradi\u00e7\u00e3o e qualidade no melhor ensino da regi\u00e3o norte do Cear\u00e1, por mais de 50 anos desenvolvendo a forma\u00e7\u00e3o integral e autonomia do seu filho da Educa\u00e7\u00e3o Infantil ao Pr\u00e9-Universit\u00e1rio.\",\"publisher\":{\"@id\":\"https:\/\/lucianofeijao.com.br\/lf\/#organization\"},\"alternateName\":\"CLF\",\"potentialAction\":[{\"@type\":\"SearchAction\",\"target\":{\"@type\":\"EntryPoint\",\"urlTemplate\":\"https:\/\/lucianofeijao.com.br\/lf\/?s={search_term_string}\"},\"query-input\":{\"@type\":\"PropertyValueSpecification\",\"valueRequired\":true,\"valueName\":\"search_term_string\"}}],\"inLanguage\":\"pt-BR\"},{\"@type\":\"Organization\",\"@id\":\"https:\/\/lucianofeijao.com.br\/lf\/#organization\",\"name\":\"Col\u00e9gio Luciano Feij\u00e3o\",\"alternateName\":\"CLF\",\"url\":\"https:\/\/lucianofeijao.com.br\/lf\/\",\"logo\":{\"@type\":\"ImageObject\",\"inLanguage\":\"pt-BR\",\"@id\":\"https:\/\/lucianofeijao.com.br\/lf\/#\/schema\/logo\/image\/\",\"url\":\"https:\/\/lucianofeijao.com.br\/lf\/wp-content\/uploads\/2024\/07\/Logo-CLF-Azul-escuro.png\",\"contentUrl\":\"https:\/\/lucianofeijao.com.br\/lf\/wp-content\/uploads\/2024\/07\/Logo-CLF-Azul-escuro.png\",\"width\":280,\"height\":55,\"caption\":\"Col\u00e9gio Luciano Feij\u00e3o\"},\"image\":{\"@id\":\"https:\/\/lucianofeijao.com.br\/lf\/#\/schema\/logo\/image\/\"},\"sameAs\":[\"https:\/\/www.facebook.com\/ColegioLucianoFeijao\",\"https:\/\/www.instagram.com\/clfeijao\/\"]},{\"@type\":\"Person\",\"@id\":\"https:\/\/lucianofeijao.com.br\/lf\/#\/schema\/person\/e866c975072680a406817a42fd348775\",\"name\":\"CLF\",\"sameAs\":[\"http:\/\/webmaster@lucianofeijao.com.br\"],\"url\":\"https:\/\/lucianofeijao.com.br\/lf\/author\/webmaster\/\"}]}<\/script>\r\n<!-- \/ Yoast SEO plugin. -->","yoast_head_json":{"title":"O Encerramento de semestre do Ensino Infantil em Grande Estilo - Col\u00e9gio Luciano Feij\u00e3o","description":"Com apresenta\u00e7\u00f5es criativas, os ferinhas mostraram talento e dedica\u00e7\u00e3o, conectando o idioma \u00e0 cultura com dom\u00ednio e entusiasmo.","robots":{"index":"index","follow":"follow","max-snippet":"max-snippet:-1","max-image-preview":"max-image-preview:large","max-video-preview":"max-video-preview:-1"},"canonical":"https:\/\/lucianofeijao.com.br\/lf\/o-encerramento-do-ensino-infantil-do-clf-em-grande-estilo\/","og_locale":"pt_BR","og_type":"article","og_title":"O Encerramento de semestre do Ensino Infantil em Grande Estilo - Col\u00e9gio Luciano Feij\u00e3o","og_description":"Com apresenta\u00e7\u00f5es criativas, os ferinhas mostraram talento e dedica\u00e7\u00e3o, conectando o idioma \u00e0 cultura com dom\u00ednio e entusiasmo.","og_url":"https:\/\/lucianofeijao.com.br\/lf\/o-encerramento-do-ensino-infantil-do-clf-em-grande-estilo\/","og_site_name":"Col\u00e9gio Luciano Feij\u00e3o","article_publisher":"https:\/\/www.facebook.com\/ColegioLucianoFeijao","article_published_time":"2024-12-04T19:45:53+00:00","article_modified_time":"2024-12-27T20:03:24+00:00","og_image":[{"width":814,"height":420,"url":"https:\/\/lucianofeijao.com.br\/lf\/wp-content\/uploads\/2024\/12\/Capa-Encerramento-Infantil-CLF.jpg","type":"image\/jpeg"}],"author":"CLF","twitter_card":"summary_large_image","schema":{"@context":"https:\/\/schema.org","@graph":[{"@type":"Article","@id":"https:\/\/lucianofeijao.com.br\/lf\/o-encerramento-do-ensino-infantil-do-clf-em-grande-estilo\/#article","isPartOf":{"@id":"https:\/\/lucianofeijao.com.br\/lf\/o-encerramento-do-ensino-infantil-do-clf-em-grande-estilo\/"},"author":{"name":"CLF","@id":"https:\/\/lucianofeijao.com.br\/lf\/#\/schema\/person\/e866c975072680a406817a42fd348775"},"headline":"O Encerramento de semestre do Ensino Infantil em Grande Estilo","datePublished":"2024-12-04T19:45:53+00:00","dateModified":"2024-12-27T20:03:24+00:00","mainEntityOfPage":{"@id":"https:\/\/lucianofeijao.com.br\/lf\/o-encerramento-do-ensino-infantil-do-clf-em-grande-estilo\/"},"wordCount":102,"publisher":{"@id":"https:\/\/lucianofeijao.com.br\/lf\/#organization"},"image":{"@id":"https:\/\/lucianofeijao.com.br\/lf\/o-encerramento-do-ensino-infantil-do-clf-em-grande-estilo\/#primaryimage"},"thumbnailUrl":"https:\/\/lucianofeijao.com.br\/lf\/wp-content\/uploads\/2024\/12\/Capa-Encerramento-Infantil-CLF.jpg","keywords":["Col\u00e9gio Luciano Feij\u00e3o","Col\u00e9gios em Sobral","Ed. Infantil","Escolas em Sobral","Luciano Feij\u00e3o"],"articleSection":["Col\u00e9gio Luciano Feij\u00e3o","Infantil"],"inLanguage":"pt-BR"},{"@type":"WebPage","@id":"https:\/\/lucianofeijao.com.br\/lf\/o-encerramento-do-ensino-infantil-do-clf-em-grande-estilo\/","url":"https:\/\/lucianofeijao.com.br\/lf\/o-encerramento-do-ensino-infantil-do-clf-em-grande-estilo\/","name":"O Encerramento de semestre do Ensino Infantil em Grande Estilo - Col\u00e9gio Luciano Feij\u00e3o","isPartOf":{"@id":"https:\/\/lucianofeijao.com.br\/lf\/#website"},"primaryImageOfPage":{"@id":"https:\/\/lucianofeijao.com.br\/lf\/o-encerramento-do-ensino-infantil-do-clf-em-grande-estilo\/#primaryimage"},"image":{"@id":"https:\/\/lucianofeijao.com.br\/lf\/o-encerramento-do-ensino-infantil-do-clf-em-grande-estilo\/#primaryimage"},"thumbnailUrl":"https:\/\/lucianofeijao.com.br\/lf\/wp-content\/uploads\/2024\/12\/Capa-Encerramento-Infantil-CLF.jpg","datePublished":"2024-12-04T19:45:53+00:00","dateModified":"2024-12-27T20:03:24+00:00","description":"Com apresenta\u00e7\u00f5es criativas, os ferinhas mostraram talento e dedica\u00e7\u00e3o, conectando o idioma \u00e0 cultura com dom\u00ednio e entusiasmo.","breadcrumb":{"@id":"https:\/\/lucianofeijao.com.br\/lf\/o-encerramento-do-ensino-infantil-do-clf-em-grande-estilo\/#breadcrumb"},"inLanguage":"pt-BR","potentialAction":[{"@type":"ReadAction","target":["https:\/\/lucianofeijao.com.br\/lf\/o-encerramento-do-ensino-infantil-do-clf-em-grande-estilo\/"]}]},{"@type":"ImageObject","inLanguage":"pt-BR","@id":"https:\/\/lucianofeijao.com.br\/lf\/o-encerramento-do-ensino-infantil-do-clf-em-grande-estilo\/#primaryimage","url":"https:\/\/lucianofeijao.com.br\/lf\/wp-content\/uploads\/2024\/12\/Capa-Encerramento-Infantil-CLF.jpg","contentUrl":"https:\/\/lucianofeijao.com.br\/lf\/wp-content\/uploads\/2024\/12\/Capa-Encerramento-Infantil-CLF.jpg","width":814,"height":420,"caption":"Capa Encerramento Infantil CLF"},{"@type":"BreadcrumbList","@id":"https:\/\/lucianofeijao.com.br\/lf\/o-encerramento-do-ensino-infantil-do-clf-em-grande-estilo\/#breadcrumb","itemListElement":[{"@type":"ListItem","position":1,"name":"In\u00edcio","item":"https:\/\/lucianofeijao.com.br\/lf\/"},{"@type":"ListItem","position":2,"name":"O Encerramento de semestre do Ensino Infantil em Grande Estilo"}]},{"@type":"WebSite","@id":"https:\/\/lucianofeijao.com.br\/lf\/#website","url":"https:\/\/lucianofeijao.com.br\/lf\/","name":"Col\u00e9gio Luciano Feij\u00e3o","description":"Tradi\u00e7\u00e3o e qualidade no melhor ensino da regi\u00e3o norte do Cear\u00e1, por mais de 50 anos desenvolvendo a forma\u00e7\u00e3o integral e autonomia do seu filho da Educa\u00e7\u00e3o Infantil ao Pr\u00e9-Universit\u00e1rio.","publisher":{"@id":"https:\/\/lucianofeijao.com.br\/lf\/#organization"},"alternateName":"CLF","potentialAction":[{"@type":"SearchAction","target":{"@type":"EntryPoint","urlTemplate":"https:\/\/lucianofeijao.com.br\/lf\/?s={search_term_string}"},"query-input":{"@type":"PropertyValueSpecification","valueRequired":true,"valueName":"search_term_string"}}],"inLanguage":"pt-BR"},{"@type":"Organization","@id":"https:\/\/lucianofeijao.com.br\/lf\/#organization","name":"Col\u00e9gio Luciano Feij\u00e3o","alternateName":"CLF","url":"https:\/\/lucianofeijao.com.br\/lf\/","logo":{"@type":"ImageObject","inLanguage":"pt-BR","@id":"https:\/\/lucianofeijao.com.br\/lf\/#\/schema\/logo\/image\/","url":"https:\/\/lucianofeijao.com.br\/lf\/wp-content\/uploads\/2024\/07\/Logo-CLF-Azul-escuro.png","contentUrl":"https:\/\/lucianofeijao.com.br\/lf\/wp-content\/uploads\/2024\/07\/Logo-CLF-Azul-escuro.png","width":280,"height":55,"caption":"Col\u00e9gio Luciano Feij\u00e3o"},"image":{"@id":"https:\/\/lucianofeijao.com.br\/lf\/#\/schema\/logo\/image\/"},"sameAs":["https:\/\/www.facebook.com\/ColegioLucianoFeijao","https:\/\/www.instagram.com\/clfeijao\/"]},{"@type":"Person","@id":"https:\/\/lucianofeijao.com.br\/lf\/#\/schema\/person\/e866c975072680a406817a42fd348775","name":"CLF","sameAs":["http:\/\/webmaster@lucianofeijao.com.br"],"url":"https:\/\/lucianofeijao.com.br\/lf\/author\/webmaster\/"}]}},"_links":{"self":[{"href":"https:\/\/lucianofeijao.com.br\/lf\/wp-json\/wp\/v2\/posts\/17544","targetHints":{"allow":["GET"]}}],"collection":[{"href":"https:\/\/lucianofeijao.com.br\/lf\/wp-json\/wp\/v2\/posts"}],"about":[{"href":"https:\/\/lucianofeijao.com.br\/lf\/wp-json\/wp\/v2\/types\/post"}],"author":[{"embeddable":true,"href":"https:\/\/lucianofeijao.com.br\/lf\/wp-json\/wp\/v2\/users\/1"}],"replies":[{"embeddable":true,"href":"https:\/\/lucianofeijao.com.br\/lf\/wp-json\/wp\/v2\/comments?post=17544"}],"version-history":[{"count":4,"href":"https:\/\/lucianofeijao.com.br\/lf\/wp-json\/wp\/v2\/posts\/17544\/revisions"}],"predecessor-version":[{"id":17579,"href":"https:\/\/lucianofeijao.com.br\/lf\/wp-json\/wp\/v2\/posts\/17544\/revisions\/17579"}],"wp:featuredmedia":[{"embeddable":true,"href":"https:\/\/lucianofeijao.com.br\/lf\/wp-json\/wp\/v2\/media\/17555"}],"wp:attachment":[{"href":"https:\/\/lucianofeijao.com.br\/lf\/wp-json\/wp\/v2\/media?parent=17544"}],"wp:term":[{"taxonomy":"category","embeddable":true,"href":"https:\/\/lucianofeijao.com.br\/lf\/wp-json\/wp\/v2\/categories?post=17544"},{"taxonomy":"post_tag","embeddable":true,"href":"https:\/\/lucianofeijao.com.br\/lf\/wp-json\/wp\/v2\/tags?post=17544"}],"curies":[{"name":"wp","href":"https:\/\/api.w.org\/{rel}","templated":true}]}}