{"id":15446,"date":"2024-06-28T22:08:32","date_gmt":"2024-06-29T01:08:32","guid":{"rendered":"https:\/\/lucianofeijao.com.br\/lf\/?p=15446"},"modified":"2024-06-28T22:08:36","modified_gmt":"2024-06-29T01:08:36","slug":"ed-infantil-do-clf-promove-a-abertura-do-arraia-no-terreiro-do-feijao","status":"publish","type":"post","link":"https:\/\/lucianofeijao.com.br\/lf\/ed-infantil-do-clf-promove-a-abertura-do-arraia-no-terreiro-do-feijao\/","title":{"rendered":"Ed. Infantil do CLF promove a abertura do Arrai\u00e1 no Terreiro do Feij\u00e3o"},"content":{"rendered":"\n<p>Arrai\u00e1 no terreiro do Feij\u00e3o come\u00e7ou, e que festan\u00e7a, hein?!<\/p>\n\n\n\n<p>Nesta quarta-feira (27\/06) a Ed. Infantil realizou a abertura do Arrai\u00e1 no Terreiro do Feij\u00e3o. Ser\u00e3o dias de muita divers\u00e3o, dan\u00e7as e tradi\u00e7\u00f5es juninas, e os ferinhas da Ed. Infantil estavam todos arrasando no estilo. <\/p>\n\n\n\n<p>Foi uma festan\u00e7a arretada de boa! Um arrasta p\u00e9 de arrasar, e um momento de confraterniza\u00e7\u00e3o com as fam\u00edlias. Esse Arrai\u00e1 \u00e9 o melhor da regi\u00e3o, e s\u00f3 est\u00e1 come\u00e7ando. <\/p>\n\n\n\n<p>Preparem seus trajes juninos, que hoje tem mais!<br><br>Confira todos os registros, clicando no bot\u00e3o abaixo:<\/p>\n\n\n\n<div class=\"wp-block-buttons is-content-justification-left is-layout-flex wp-container-core-buttons-is-layout-fdcfc74e wp-block-buttons-is-layout-flex\">\n<div class=\"wp-block-button is-style-fill\"><a class=\"wp-block-button__link has-background wp-element-button\" href=\"https:\/\/novo.festahits.com.br\/index.php?pg=eventos&amp;exibindo=galeria&amp;id=1742\" style=\"border-top-left-radius:15px;border-top-right-radius:0px;border-bottom-left-radius:0px;border-bottom-right-radius:15px;background-color:#006ba1\" target=\"_blank\" rel=\"noreferrer noopener\">Clique Aqui!<\/a><\/div>\n<\/div>\n\n\n\n<div style=\"height:25px\" aria-hidden=\"true\" class=\"wp-block-spacer\"><\/div>\n\n\n\n<figure class=\"wp-block-gallery has-nested-images columns-3 is-cropped wp-block-gallery-1 is-layout-flex wp-block-gallery-is-layout-flex\">\n<figure class=\"wp-block-image size-full\"><a href=\"https:\/\/lucianofeijao.com.br\/lf\/wp-content\/uploads\/2024\/06\/Arraia-Ed.-Infantil-7.jpg\"><img fetchpriority=\"high\" decoding=\"async\" width=\"978\" height=\"654\" data-id=\"15449\" src=\"https:\/\/lucianofeijao.com.br\/lf\/wp-content\/uploads\/2024\/06\/Arraia-Ed.-Infantil-7.jpg\" alt=\"Arrai\u00e1 Ed. Infantil\" class=\"wp-image-15449\" srcset=\"https:\/\/lucianofeijao.com.br\/lf\/wp-content\/uploads\/2024\/06\/Arraia-Ed.-Infantil-7.jpg 978w, https:\/\/lucianofeijao.com.br\/lf\/wp-content\/uploads\/2024\/06\/Arraia-Ed.-Infantil-7-300x201.jpg 300w\" sizes=\"(max-width: 978px) 100vw, 978px\" \/><\/a><\/figure>\n\n\n\n<figure class=\"wp-block-image size-full\"><a href=\"https:\/\/lucianofeijao.com.br\/lf\/wp-content\/uploads\/2024\/06\/Arraia-Ed.-Infantil-5.jpg\"><img decoding=\"async\" width=\"978\" height=\"654\" data-id=\"15450\" src=\"https:\/\/lucianofeijao.com.br\/lf\/wp-content\/uploads\/2024\/06\/Arraia-Ed.-Infantil-5.jpg\" alt=\"Arrai\u00e1 Ed. Infantil\" class=\"wp-image-15450\" srcset=\"https:\/\/lucianofeijao.com.br\/lf\/wp-content\/uploads\/2024\/06\/Arraia-Ed.-Infantil-5.jpg 978w, https:\/\/lucianofeijao.com.br\/lf\/wp-content\/uploads\/2024\/06\/Arraia-Ed.-Infantil-5-300x201.jpg 300w\" sizes=\"(max-width: 978px) 100vw, 978px\" \/><\/a><\/figure>\n\n\n\n<figure class=\"wp-block-image size-full\"><a href=\"https:\/\/lucianofeijao.com.br\/lf\/wp-content\/uploads\/2024\/06\/Arraia-Ed.-Infantil-4.jpg\"><img decoding=\"async\" width=\"978\" height=\"654\" data-id=\"15451\" src=\"https:\/\/lucianofeijao.com.br\/lf\/wp-content\/uploads\/2024\/06\/Arraia-Ed.-Infantil-4.jpg\" alt=\"\" class=\"wp-image-15451\" srcset=\"https:\/\/lucianofeijao.com.br\/lf\/wp-content\/uploads\/2024\/06\/Arraia-Ed.-Infantil-4.jpg 978w, https:\/\/lucianofeijao.com.br\/lf\/wp-content\/uploads\/2024\/06\/Arraia-Ed.-Infantil-4-300x201.jpg 300w\" sizes=\"(max-width: 978px) 100vw, 978px\" \/><\/a><\/figure>\n\n\n\n<figure class=\"wp-block-image size-large\"><a href=\"https:\/\/lucianofeijao.com.br\/lf\/wp-content\/uploads\/2024\/06\/Arraia-Ed.-Infantil-2.jpg\"><img loading=\"lazy\" decoding=\"async\" width=\"978\" height=\"654\" data-id=\"15452\" src=\"https:\/\/lucianofeijao.com.br\/lf\/wp-content\/uploads\/2024\/06\/Arraia-Ed.-Infantil-2-978x654.jpg\" alt=\"Arrai\u00e1 Ed. Infantil\" class=\"wp-image-15452\" srcset=\"https:\/\/lucianofeijao.com.br\/lf\/wp-content\/uploads\/2024\/06\/Arraia-Ed.-Infantil-2.jpg 978w, https:\/\/lucianofeijao.com.br\/lf\/wp-content\/uploads\/2024\/06\/Arraia-Ed.-Infantil-2-300x201.jpg 300w\" sizes=\"(max-width: 978px) 100vw, 978px\" \/><\/a><\/figure>\n\n\n\n<figure class=\"wp-block-image size-full\"><a href=\"https:\/\/lucianofeijao.com.br\/lf\/wp-content\/uploads\/2024\/06\/Arraia-Ed.-Infantil-8.jpg\"><img loading=\"lazy\" decoding=\"async\" width=\"978\" height=\"654\" data-id=\"15453\" src=\"https:\/\/lucianofeijao.com.br\/lf\/wp-content\/uploads\/2024\/06\/Arraia-Ed.-Infantil-8.jpg\" alt=\"\" class=\"wp-image-15453\" srcset=\"https:\/\/lucianofeijao.com.br\/lf\/wp-content\/uploads\/2024\/06\/Arraia-Ed.-Infantil-8.jpg 978w, https:\/\/lucianofeijao.com.br\/lf\/wp-content\/uploads\/2024\/06\/Arraia-Ed.-Infantil-8-300x201.jpg 300w\" sizes=\"(max-width: 978px) 100vw, 978px\" \/><\/a><\/figure>\n\n\n\n<figure class=\"wp-block-image size-full\"><a href=\"https:\/\/lucianofeijao.com.br\/lf\/wp-content\/uploads\/2024\/06\/Arraia-Ed.-Infantil-6.jpg\"><img loading=\"lazy\" decoding=\"async\" width=\"978\" height=\"654\" data-id=\"15454\" src=\"https:\/\/lucianofeijao.com.br\/lf\/wp-content\/uploads\/2024\/06\/Arraia-Ed.-Infantil-6.jpg\" alt=\"\" class=\"wp-image-15454\" srcset=\"https:\/\/lucianofeijao.com.br\/lf\/wp-content\/uploads\/2024\/06\/Arraia-Ed.-Infantil-6.jpg 978w, https:\/\/lucianofeijao.com.br\/lf\/wp-content\/uploads\/2024\/06\/Arraia-Ed.-Infantil-6-300x201.jpg 300w\" sizes=\"(max-width: 978px) 100vw, 978px\" \/><\/a><\/figure>\n\n\n\n<figure class=\"wp-block-image size-full\"><a href=\"https:\/\/lucianofeijao.com.br\/lf\/wp-content\/uploads\/2024\/06\/Arraia-Ed.-Infantil-3.jpg\"><img loading=\"lazy\" decoding=\"async\" width=\"978\" height=\"654\" data-id=\"15455\" src=\"https:\/\/lucianofeijao.com.br\/lf\/wp-content\/uploads\/2024\/06\/Arraia-Ed.-Infantil-3.jpg\" alt=\"\" class=\"wp-image-15455\" srcset=\"https:\/\/lucianofeijao.com.br\/lf\/wp-content\/uploads\/2024\/06\/Arraia-Ed.-Infantil-3.jpg 978w, https:\/\/lucianofeijao.com.br\/lf\/wp-content\/uploads\/2024\/06\/Arraia-Ed.-Infantil-3-300x201.jpg 300w\" sizes=\"(max-width: 978px) 100vw, 978px\" \/><\/a><\/figure>\n\n\n\n<figure class=\"wp-block-image size-full\"><a href=\"https:\/\/lucianofeijao.com.br\/lf\/wp-content\/uploads\/2024\/06\/Arraia-Ed.-Infantil-1.jpg\"><img loading=\"lazy\" decoding=\"async\" width=\"978\" height=\"654\" data-id=\"15456\" src=\"https:\/\/lucianofeijao.com.br\/lf\/wp-content\/uploads\/2024\/06\/Arraia-Ed.-Infantil-1.jpg\" alt=\"\" class=\"wp-image-15456\" srcset=\"https:\/\/lucianofeijao.com.br\/lf\/wp-content\/uploads\/2024\/06\/Arraia-Ed.-Infantil-1.jpg 978w, https:\/\/lucianofeijao.com.br\/lf\/wp-content\/uploads\/2024\/06\/Arraia-Ed.-Infantil-1-300x201.jpg 300w\" sizes=\"(max-width: 978px) 100vw, 978px\" \/><\/a><\/figure>\n<\/figure>\n","protected":false},"excerpt":{"rendered":"<p>Arrai\u00e1 no terreiro do Feij\u00e3o come\u00e7ou, e que festan\u00e7a, hein?! Nesta quarta-feira (27\/06) a Ed. Infantil realizou a abertura do Arrai\u00e1 no Terreiro do Feij\u00e3o. Ser\u00e3o dias de muita divers\u00e3o, dan\u00e7as e tradi\u00e7\u00f5es juninas, e os ferinhas da Ed. Infantil estavam todos arrasando no estilo.&nbsp;<a href=\"https:\/\/lucianofeijao.com.br\/lf\/ed-infantil-do-clf-promove-a-abertura-do-arraia-no-terreiro-do-feijao\/\">&hellip;<\/a><\/p>\n","protected":false},"author":1,"featured_media":15448,"comment_status":"closed","ping_status":"closed","sticky":false,"template":"","format":"standard","meta":{"cybocfi_hide_featured_image":"","footnotes":""},"categories":[4,35],"tags":[6,10,107],"class_list":["post-15446","post","type-post","status-publish","format-standard","has-post-thumbnail","hentry","category-colegio-luciano-feijao","category-infantil","tag-colegio-luciano-feijao","tag-escolas-em-sobral","tag-luciano-feijao","odd"],"yoast_head":"<!-- This site is optimized with the Yoast SEO plugin v27.2 - https:\/\/yoast.com\/product\/yoast-seo-wordpress\/ -->\r\n<title>Ed. Infantil do CLF promove a abertura do Arrai\u00e1 no Terreiro do Feij\u00e3o - Col\u00e9gio Luciano Feij\u00e3o<\/title>\r\n<meta name=\"description\" content=\"Foi uma festan\u00e7a arretada de boa! Um arrasta p\u00e9 de arrasar, e um momento de confraterniza\u00e7\u00e3o com as fam\u00edlias. Esse Arrai\u00e1 est\u00e1 s\u00f3 come\u00e7ando.\" \/>\r\n<meta name=\"robots\" content=\"index, follow, max-snippet:-1, max-image-preview:large, max-video-preview:-1\" \/>\r\n<link rel=\"canonical\" href=\"https:\/\/lucianofeijao.com.br\/lf\/ed-infantil-do-clf-promove-a-abertura-do-arraia-no-terreiro-do-feijao\/\" \/>\r\n<meta property=\"og:locale\" content=\"pt_BR\" \/>\r\n<meta property=\"og:type\" content=\"article\" \/>\r\n<meta property=\"og:title\" content=\"Ed. Infantil do CLF promove a abertura do Arrai\u00e1 no Terreiro do Feij\u00e3o - Col\u00e9gio Luciano Feij\u00e3o\" \/>\r\n<meta property=\"og:description\" content=\"Foi uma festan\u00e7a arretada de boa! Um arrasta p\u00e9 de arrasar, e um momento de confraterniza\u00e7\u00e3o com as fam\u00edlias. Esse Arrai\u00e1 est\u00e1 s\u00f3 come\u00e7ando.\" \/>\r\n<meta property=\"og:url\" content=\"https:\/\/lucianofeijao.com.br\/lf\/ed-infantil-do-clf-promove-a-abertura-do-arraia-no-terreiro-do-feijao\/\" \/>\r\n<meta property=\"og:site_name\" content=\"Col\u00e9gio Luciano Feij\u00e3o\" \/>\r\n<meta property=\"article:publisher\" content=\"https:\/\/www.facebook.com\/ColegioLucianoFeijao\" \/>\r\n<meta property=\"article:published_time\" content=\"2024-06-29T01:08:32+00:00\" \/>\r\n<meta property=\"article:modified_time\" content=\"2024-06-29T01:08:36+00:00\" \/>\r\n<meta property=\"og:image\" content=\"https:\/\/lucianofeijao.com.br\/lf\/wp-content\/uploads\/2024\/06\/Capa-Arraia-Ed.-Infantil.jpg\" \/>\r\n\t<meta property=\"og:image:width\" content=\"828\" \/>\r\n\t<meta property=\"og:image:height\" content=\"424\" \/>\r\n\t<meta property=\"og:image:type\" content=\"image\/jpeg\" \/>\r\n<meta name=\"author\" content=\"CLF\" \/>\r\n<meta name=\"twitter:card\" content=\"summary_large_image\" \/>\r\n<script type=\"application\/ld+json\" class=\"yoast-schema-graph\">{\"@context\":\"https:\/\/schema.org\",\"@graph\":[{\"@type\":\"Article\",\"@id\":\"https:\/\/lucianofeijao.com.br\/lf\/ed-infantil-do-clf-promove-a-abertura-do-arraia-no-terreiro-do-feijao\/#article\",\"isPartOf\":{\"@id\":\"https:\/\/lucianofeijao.com.br\/lf\/ed-infantil-do-clf-promove-a-abertura-do-arraia-no-terreiro-do-feijao\/\"},\"author\":{\"name\":\"CLF\",\"@id\":\"https:\/\/lucianofeijao.com.br\/lf\/#\/schema\/person\/e866c975072680a406817a42fd348775\"},\"headline\":\"Ed. Infantil do CLF promove a abertura do Arrai\u00e1 no Terreiro do Feij\u00e3o\",\"datePublished\":\"2024-06-29T01:08:32+00:00\",\"dateModified\":\"2024-06-29T01:08:36+00:00\",\"mainEntityOfPage\":{\"@id\":\"https:\/\/lucianofeijao.com.br\/lf\/ed-infantil-do-clf-promove-a-abertura-do-arraia-no-terreiro-do-feijao\/\"},\"wordCount\":119,\"publisher\":{\"@id\":\"https:\/\/lucianofeijao.com.br\/lf\/#organization\"},\"image\":{\"@id\":\"https:\/\/lucianofeijao.com.br\/lf\/ed-infantil-do-clf-promove-a-abertura-do-arraia-no-terreiro-do-feijao\/#primaryimage\"},\"thumbnailUrl\":\"https:\/\/lucianofeijao.com.br\/lf\/wp-content\/uploads\/2024\/06\/Capa-Arraia-Ed.-Infantil.jpg\",\"keywords\":[\"Col\u00e9gio Luciano Feij\u00e3o\",\"Escolas em Sobral\",\"Luciano Feij\u00e3o\"],\"articleSection\":[\"Col\u00e9gio Luciano Feij\u00e3o\",\"Infantil\"],\"inLanguage\":\"pt-BR\"},{\"@type\":\"WebPage\",\"@id\":\"https:\/\/lucianofeijao.com.br\/lf\/ed-infantil-do-clf-promove-a-abertura-do-arraia-no-terreiro-do-feijao\/\",\"url\":\"https:\/\/lucianofeijao.com.br\/lf\/ed-infantil-do-clf-promove-a-abertura-do-arraia-no-terreiro-do-feijao\/\",\"name\":\"Ed. Infantil do CLF promove a abertura do Arrai\u00e1 no Terreiro do Feij\u00e3o - Col\u00e9gio Luciano Feij\u00e3o\",\"isPartOf\":{\"@id\":\"https:\/\/lucianofeijao.com.br\/lf\/#website\"},\"primaryImageOfPage\":{\"@id\":\"https:\/\/lucianofeijao.com.br\/lf\/ed-infantil-do-clf-promove-a-abertura-do-arraia-no-terreiro-do-feijao\/#primaryimage\"},\"image\":{\"@id\":\"https:\/\/lucianofeijao.com.br\/lf\/ed-infantil-do-clf-promove-a-abertura-do-arraia-no-terreiro-do-feijao\/#primaryimage\"},\"thumbnailUrl\":\"https:\/\/lucianofeijao.com.br\/lf\/wp-content\/uploads\/2024\/06\/Capa-Arraia-Ed.-Infantil.jpg\",\"datePublished\":\"2024-06-29T01:08:32+00:00\",\"dateModified\":\"2024-06-29T01:08:36+00:00\",\"description\":\"Foi uma festan\u00e7a arretada de boa! Um arrasta p\u00e9 de arrasar, e um momento de confraterniza\u00e7\u00e3o com as fam\u00edlias. Esse Arrai\u00e1 est\u00e1 s\u00f3 come\u00e7ando.\",\"breadcrumb\":{\"@id\":\"https:\/\/lucianofeijao.com.br\/lf\/ed-infantil-do-clf-promove-a-abertura-do-arraia-no-terreiro-do-feijao\/#breadcrumb\"},\"inLanguage\":\"pt-BR\",\"potentialAction\":[{\"@type\":\"ReadAction\",\"target\":[\"https:\/\/lucianofeijao.com.br\/lf\/ed-infantil-do-clf-promove-a-abertura-do-arraia-no-terreiro-do-feijao\/\"]}]},{\"@type\":\"ImageObject\",\"inLanguage\":\"pt-BR\",\"@id\":\"https:\/\/lucianofeijao.com.br\/lf\/ed-infantil-do-clf-promove-a-abertura-do-arraia-no-terreiro-do-feijao\/#primaryimage\",\"url\":\"https:\/\/lucianofeijao.com.br\/lf\/wp-content\/uploads\/2024\/06\/Capa-Arraia-Ed.-Infantil.jpg\",\"contentUrl\":\"https:\/\/lucianofeijao.com.br\/lf\/wp-content\/uploads\/2024\/06\/Capa-Arraia-Ed.-Infantil.jpg\",\"width\":828,\"height\":424,\"caption\":\"Capa Arrai\u00e1 Ed. Infantil\"},{\"@type\":\"BreadcrumbList\",\"@id\":\"https:\/\/lucianofeijao.com.br\/lf\/ed-infantil-do-clf-promove-a-abertura-do-arraia-no-terreiro-do-feijao\/#breadcrumb\",\"itemListElement\":[{\"@type\":\"ListItem\",\"position\":1,\"name\":\"In\u00edcio\",\"item\":\"https:\/\/lucianofeijao.com.br\/lf\/\"},{\"@type\":\"ListItem\",\"position\":2,\"name\":\"Ed. Infantil do CLF promove a abertura do Arrai\u00e1 no Terreiro do Feij\u00e3o\"}]},{\"@type\":\"WebSite\",\"@id\":\"https:\/\/lucianofeijao.com.br\/lf\/#website\",\"url\":\"https:\/\/lucianofeijao.com.br\/lf\/\",\"name\":\"Col\u00e9gio Luciano Feij\u00e3o\",\"description\":\"Tradi\u00e7\u00e3o e qualidade no melhor ensino da regi\u00e3o norte do Cear\u00e1, por mais de 50 anos desenvolvendo a forma\u00e7\u00e3o integral e autonomia do seu filho da Educa\u00e7\u00e3o Infantil ao Pr\u00e9-Universit\u00e1rio.\",\"publisher\":{\"@id\":\"https:\/\/lucianofeijao.com.br\/lf\/#organization\"},\"alternateName\":\"CLF\",\"potentialAction\":[{\"@type\":\"SearchAction\",\"target\":{\"@type\":\"EntryPoint\",\"urlTemplate\":\"https:\/\/lucianofeijao.com.br\/lf\/?s={search_term_string}\"},\"query-input\":{\"@type\":\"PropertyValueSpecification\",\"valueRequired\":true,\"valueName\":\"search_term_string\"}}],\"inLanguage\":\"pt-BR\"},{\"@type\":\"Organization\",\"@id\":\"https:\/\/lucianofeijao.com.br\/lf\/#organization\",\"name\":\"Col\u00e9gio Luciano Feij\u00e3o\",\"alternateName\":\"CLF\",\"url\":\"https:\/\/lucianofeijao.com.br\/lf\/\",\"logo\":{\"@type\":\"ImageObject\",\"inLanguage\":\"pt-BR\",\"@id\":\"https:\/\/lucianofeijao.com.br\/lf\/#\/schema\/logo\/image\/\",\"url\":\"https:\/\/lucianofeijao.com.br\/lf\/wp-content\/uploads\/2024\/07\/Logo-CLF-Azul-escuro.png\",\"contentUrl\":\"https:\/\/lucianofeijao.com.br\/lf\/wp-content\/uploads\/2024\/07\/Logo-CLF-Azul-escuro.png\",\"width\":280,\"height\":55,\"caption\":\"Col\u00e9gio Luciano Feij\u00e3o\"},\"image\":{\"@id\":\"https:\/\/lucianofeijao.com.br\/lf\/#\/schema\/logo\/image\/\"},\"sameAs\":[\"https:\/\/www.facebook.com\/ColegioLucianoFeijao\",\"https:\/\/www.instagram.com\/clfeijao\/\"]},{\"@type\":\"Person\",\"@id\":\"https:\/\/lucianofeijao.com.br\/lf\/#\/schema\/person\/e866c975072680a406817a42fd348775\",\"name\":\"CLF\",\"sameAs\":[\"http:\/\/webmaster@lucianofeijao.com.br\"],\"url\":\"https:\/\/lucianofeijao.com.br\/lf\/author\/webmaster\/\"}]}<\/script>\r\n<!-- \/ Yoast SEO plugin. -->","yoast_head_json":{"title":"Ed. Infantil do CLF promove a abertura do Arrai\u00e1 no Terreiro do Feij\u00e3o - Col\u00e9gio Luciano Feij\u00e3o","description":"Foi uma festan\u00e7a arretada de boa! Um arrasta p\u00e9 de arrasar, e um momento de confraterniza\u00e7\u00e3o com as fam\u00edlias. Esse Arrai\u00e1 est\u00e1 s\u00f3 come\u00e7ando.","robots":{"index":"index","follow":"follow","max-snippet":"max-snippet:-1","max-image-preview":"max-image-preview:large","max-video-preview":"max-video-preview:-1"},"canonical":"https:\/\/lucianofeijao.com.br\/lf\/ed-infantil-do-clf-promove-a-abertura-do-arraia-no-terreiro-do-feijao\/","og_locale":"pt_BR","og_type":"article","og_title":"Ed. Infantil do CLF promove a abertura do Arrai\u00e1 no Terreiro do Feij\u00e3o - Col\u00e9gio Luciano Feij\u00e3o","og_description":"Foi uma festan\u00e7a arretada de boa! Um arrasta p\u00e9 de arrasar, e um momento de confraterniza\u00e7\u00e3o com as fam\u00edlias. Esse Arrai\u00e1 est\u00e1 s\u00f3 come\u00e7ando.","og_url":"https:\/\/lucianofeijao.com.br\/lf\/ed-infantil-do-clf-promove-a-abertura-do-arraia-no-terreiro-do-feijao\/","og_site_name":"Col\u00e9gio Luciano Feij\u00e3o","article_publisher":"https:\/\/www.facebook.com\/ColegioLucianoFeijao","article_published_time":"2024-06-29T01:08:32+00:00","article_modified_time":"2024-06-29T01:08:36+00:00","og_image":[{"width":828,"height":424,"url":"https:\/\/lucianofeijao.com.br\/lf\/wp-content\/uploads\/2024\/06\/Capa-Arraia-Ed.-Infantil.jpg","type":"image\/jpeg"}],"author":"CLF","twitter_card":"summary_large_image","schema":{"@context":"https:\/\/schema.org","@graph":[{"@type":"Article","@id":"https:\/\/lucianofeijao.com.br\/lf\/ed-infantil-do-clf-promove-a-abertura-do-arraia-no-terreiro-do-feijao\/#article","isPartOf":{"@id":"https:\/\/lucianofeijao.com.br\/lf\/ed-infantil-do-clf-promove-a-abertura-do-arraia-no-terreiro-do-feijao\/"},"author":{"name":"CLF","@id":"https:\/\/lucianofeijao.com.br\/lf\/#\/schema\/person\/e866c975072680a406817a42fd348775"},"headline":"Ed. Infantil do CLF promove a abertura do Arrai\u00e1 no Terreiro do Feij\u00e3o","datePublished":"2024-06-29T01:08:32+00:00","dateModified":"2024-06-29T01:08:36+00:00","mainEntityOfPage":{"@id":"https:\/\/lucianofeijao.com.br\/lf\/ed-infantil-do-clf-promove-a-abertura-do-arraia-no-terreiro-do-feijao\/"},"wordCount":119,"publisher":{"@id":"https:\/\/lucianofeijao.com.br\/lf\/#organization"},"image":{"@id":"https:\/\/lucianofeijao.com.br\/lf\/ed-infantil-do-clf-promove-a-abertura-do-arraia-no-terreiro-do-feijao\/#primaryimage"},"thumbnailUrl":"https:\/\/lucianofeijao.com.br\/lf\/wp-content\/uploads\/2024\/06\/Capa-Arraia-Ed.-Infantil.jpg","keywords":["Col\u00e9gio Luciano Feij\u00e3o","Escolas em Sobral","Luciano Feij\u00e3o"],"articleSection":["Col\u00e9gio Luciano Feij\u00e3o","Infantil"],"inLanguage":"pt-BR"},{"@type":"WebPage","@id":"https:\/\/lucianofeijao.com.br\/lf\/ed-infantil-do-clf-promove-a-abertura-do-arraia-no-terreiro-do-feijao\/","url":"https:\/\/lucianofeijao.com.br\/lf\/ed-infantil-do-clf-promove-a-abertura-do-arraia-no-terreiro-do-feijao\/","name":"Ed. Infantil do CLF promove a abertura do Arrai\u00e1 no Terreiro do Feij\u00e3o - Col\u00e9gio Luciano Feij\u00e3o","isPartOf":{"@id":"https:\/\/lucianofeijao.com.br\/lf\/#website"},"primaryImageOfPage":{"@id":"https:\/\/lucianofeijao.com.br\/lf\/ed-infantil-do-clf-promove-a-abertura-do-arraia-no-terreiro-do-feijao\/#primaryimage"},"image":{"@id":"https:\/\/lucianofeijao.com.br\/lf\/ed-infantil-do-clf-promove-a-abertura-do-arraia-no-terreiro-do-feijao\/#primaryimage"},"thumbnailUrl":"https:\/\/lucianofeijao.com.br\/lf\/wp-content\/uploads\/2024\/06\/Capa-Arraia-Ed.-Infantil.jpg","datePublished":"2024-06-29T01:08:32+00:00","dateModified":"2024-06-29T01:08:36+00:00","description":"Foi uma festan\u00e7a arretada de boa! Um arrasta p\u00e9 de arrasar, e um momento de confraterniza\u00e7\u00e3o com as fam\u00edlias. Esse Arrai\u00e1 est\u00e1 s\u00f3 come\u00e7ando.","breadcrumb":{"@id":"https:\/\/lucianofeijao.com.br\/lf\/ed-infantil-do-clf-promove-a-abertura-do-arraia-no-terreiro-do-feijao\/#breadcrumb"},"inLanguage":"pt-BR","potentialAction":[{"@type":"ReadAction","target":["https:\/\/lucianofeijao.com.br\/lf\/ed-infantil-do-clf-promove-a-abertura-do-arraia-no-terreiro-do-feijao\/"]}]},{"@type":"ImageObject","inLanguage":"pt-BR","@id":"https:\/\/lucianofeijao.com.br\/lf\/ed-infantil-do-clf-promove-a-abertura-do-arraia-no-terreiro-do-feijao\/#primaryimage","url":"https:\/\/lucianofeijao.com.br\/lf\/wp-content\/uploads\/2024\/06\/Capa-Arraia-Ed.-Infantil.jpg","contentUrl":"https:\/\/lucianofeijao.com.br\/lf\/wp-content\/uploads\/2024\/06\/Capa-Arraia-Ed.-Infantil.jpg","width":828,"height":424,"caption":"Capa Arrai\u00e1 Ed. Infantil"},{"@type":"BreadcrumbList","@id":"https:\/\/lucianofeijao.com.br\/lf\/ed-infantil-do-clf-promove-a-abertura-do-arraia-no-terreiro-do-feijao\/#breadcrumb","itemListElement":[{"@type":"ListItem","position":1,"name":"In\u00edcio","item":"https:\/\/lucianofeijao.com.br\/lf\/"},{"@type":"ListItem","position":2,"name":"Ed. Infantil do CLF promove a abertura do Arrai\u00e1 no Terreiro do Feij\u00e3o"}]},{"@type":"WebSite","@id":"https:\/\/lucianofeijao.com.br\/lf\/#website","url":"https:\/\/lucianofeijao.com.br\/lf\/","name":"Col\u00e9gio Luciano Feij\u00e3o","description":"Tradi\u00e7\u00e3o e qualidade no melhor ensino da regi\u00e3o norte do Cear\u00e1, por mais de 50 anos desenvolvendo a forma\u00e7\u00e3o integral e autonomia do seu filho da Educa\u00e7\u00e3o Infantil ao Pr\u00e9-Universit\u00e1rio.","publisher":{"@id":"https:\/\/lucianofeijao.com.br\/lf\/#organization"},"alternateName":"CLF","potentialAction":[{"@type":"SearchAction","target":{"@type":"EntryPoint","urlTemplate":"https:\/\/lucianofeijao.com.br\/lf\/?s={search_term_string}"},"query-input":{"@type":"PropertyValueSpecification","valueRequired":true,"valueName":"search_term_string"}}],"inLanguage":"pt-BR"},{"@type":"Organization","@id":"https:\/\/lucianofeijao.com.br\/lf\/#organization","name":"Col\u00e9gio Luciano Feij\u00e3o","alternateName":"CLF","url":"https:\/\/lucianofeijao.com.br\/lf\/","logo":{"@type":"ImageObject","inLanguage":"pt-BR","@id":"https:\/\/lucianofeijao.com.br\/lf\/#\/schema\/logo\/image\/","url":"https:\/\/lucianofeijao.com.br\/lf\/wp-content\/uploads\/2024\/07\/Logo-CLF-Azul-escuro.png","contentUrl":"https:\/\/lucianofeijao.com.br\/lf\/wp-content\/uploads\/2024\/07\/Logo-CLF-Azul-escuro.png","width":280,"height":55,"caption":"Col\u00e9gio Luciano Feij\u00e3o"},"image":{"@id":"https:\/\/lucianofeijao.com.br\/lf\/#\/schema\/logo\/image\/"},"sameAs":["https:\/\/www.facebook.com\/ColegioLucianoFeijao","https:\/\/www.instagram.com\/clfeijao\/"]},{"@type":"Person","@id":"https:\/\/lucianofeijao.com.br\/lf\/#\/schema\/person\/e866c975072680a406817a42fd348775","name":"CLF","sameAs":["http:\/\/webmaster@lucianofeijao.com.br"],"url":"https:\/\/lucianofeijao.com.br\/lf\/author\/webmaster\/"}]}},"_links":{"self":[{"href":"https:\/\/lucianofeijao.com.br\/lf\/wp-json\/wp\/v2\/posts\/15446","targetHints":{"allow":["GET"]}}],"collection":[{"href":"https:\/\/lucianofeijao.com.br\/lf\/wp-json\/wp\/v2\/posts"}],"about":[{"href":"https:\/\/lucianofeijao.com.br\/lf\/wp-json\/wp\/v2\/types\/post"}],"author":[{"embeddable":true,"href":"https:\/\/lucianofeijao.com.br\/lf\/wp-json\/wp\/v2\/users\/1"}],"replies":[{"embeddable":true,"href":"https:\/\/lucianofeijao.com.br\/lf\/wp-json\/wp\/v2\/comments?post=15446"}],"version-history":[{"count":2,"href":"https:\/\/lucianofeijao.com.br\/lf\/wp-json\/wp\/v2\/posts\/15446\/revisions"}],"predecessor-version":[{"id":15458,"href":"https:\/\/lucianofeijao.com.br\/lf\/wp-json\/wp\/v2\/posts\/15446\/revisions\/15458"}],"wp:featuredmedia":[{"embeddable":true,"href":"https:\/\/lucianofeijao.com.br\/lf\/wp-json\/wp\/v2\/media\/15448"}],"wp:attachment":[{"href":"https:\/\/lucianofeijao.com.br\/lf\/wp-json\/wp\/v2\/media?parent=15446"}],"wp:term":[{"taxonomy":"category","embeddable":true,"href":"https:\/\/lucianofeijao.com.br\/lf\/wp-json\/wp\/v2\/categories?post=15446"},{"taxonomy":"post_tag","embeddable":true,"href":"https:\/\/lucianofeijao.com.br\/lf\/wp-json\/wp\/v2\/tags?post=15446"}],"curies":[{"name":"wp","href":"https:\/\/api.w.org\/{rel}","templated":true}]}}